{"id":1032484,"date":"2026-05-20T05:02:39","date_gmt":"2026-05-20T05:02:39","guid":{"rendered":"https:\/\/www.europesays.com\/de\/1032484\/"},"modified":"2026-05-20T05:02:39","modified_gmt":"2026-05-20T05:02:39","slug":"wuppertaler-sv-trennt-sich-von-trainer-und-berater","status":"publish","type":"post","link":"https:\/\/www.europesays.com\/de\/1032484\/","title":{"rendered":"Wuppertaler SV trennt sich von Trainer und Berater"},"content":{"rendered":"<p>Nach dem besiegelten Abstieg in die <a href=\"https:\/\/www.asatunews.co.id\/de\/tag\/fu%C3%9Fball-oberliga\" title=\"Fu\u00dfball-Oberliga\" rel=\"nofollow noopener\" target=\"_blank\">Fu\u00dfball-Oberliga<\/a> strukturiert sich der <a href=\"https:\/\/www.asatunews.co.id\/de\/tag\/wuppertaler-sv\" title=\"Wuppertaler SV\" rel=\"nofollow noopener\" target=\"_blank\">Wuppertaler SV<\/a> personell neu. Der Verwaltungsrat beendete am Montag, dem 18. Mai 2026, die Zusammenarbeit mit Cheftrainer Mike Wunderlich und Interimssportberater Stephan K\u00fcsters, um die sportliche F\u00fchrung f\u00fcr die im August beginnende Saison zeitnah neu aufzustellen.<\/p>\n<p>Der Verwaltungsratsvorsitzende Dirk Polick informierte beide Akteure telefonisch beziehungsweise in einem pers\u00f6nlichen Gespr\u00e4ch \u00fcber die Entscheidung. W\u00e4hrend K\u00fcsters im M\u00e4rz mit geringen Kompetenzen und ohne Budget als Berater einsprang, verl\u00e4sst Wunderlich den Verein nach einer abschlie\u00dfenden 0:1-Niederlage gegen den Bonner SC.<\/p>\n<p>F\u00fcr die sportliche Neuausrichtung und die Kl\u00e4rung grunds\u00e4tzlicher Fragen zur Vorgehensweise hat der Verein eine Sitzung f\u00fcr den kommenden Mittwoch angesetzt. Vorstandsmitglied Ludger Kineke stellte im Vorfeld klar, dass die operative Verantwortung beim Vorstand verbleibt.<\/p>\n<p>            &#13;<\/p>\n<p>                            <img src=\"https:\/\/www.europesays.com\/de\/wp-content\/uploads\/2026\/05\/fQyElc8P5B.jpeg\" alt=\"Matthias Gro\u00dfe beruft Claudia Pechstein zur Interimstrainerin\" width=\"75\" height=\"75\" loading=\"lazy\" decoding=\"async\" fetchpriority=\"low\"\/><\/p>\n<p>                &#13;<\/p>\n<p>&#8222;Wir sind mit dem Verwaltungsrat \u00fcbereingekommen, dass wir am Mittwoch grunds\u00e4tzliche Fragen zur weiteren Vorgehensweise und zur Saisonplanung diskutieren&#8220;, erkl\u00e4rte Vorstandsmitglied Ludger Kineke.<\/p>\n<p>                            &#13;<\/p>\n<p>&#13;<br \/>\n                        Anzeige                    <\/p>\n<p>&#13;<br \/>\n                    &#13;<\/p>\n<p>&#13;<br \/>\n                        Weiterlesen                    <\/p>\n<p>&#13;<\/p>\n<p>Nach Angaben von Kineke besteht \u00fcber die Zust\u00e4ndigkeiten im Verein f\u00fcr das sportliche Tagesgesch\u00e4ft bereits vollkommene Gewissheit.<\/p>\n<p>&#8222;Dar\u00fcber besteht Klarheit&#8220;, sagt Kineke.<\/p>\n<p>            &#13;<\/p>\n<p>                            <img src=\"https:\/\/www.europesays.com\/de\/wp-content\/uploads\/2026\/05\/4CndxAtZOR.jpeg\" alt=\"Claudia Pechstein \u00fcbernimmt Traineramt beim Eisschnelllauf-Verband\" width=\"75\" height=\"75\" loading=\"lazy\" decoding=\"async\" fetchpriority=\"low\"\/><\/p>\n<p>                &#13;<\/p>\n<p>Eine Absage f\u00fcr eine erweiterte F\u00fchrungsposition im Verein erteilte unterdessen der Leiter des Nachwuchszentrums, Marc Bach, der die aktuelle Struktur nicht gef\u00e4hrden m\u00f6chte.<\/p>\n<p>&#8222;Es ehrt mich, wenn man meint, ich sei der Richtige. Aber meine jetzige Aufgabe als Leiter des Nachwuchszentrums macht mir unheimlich viel Spa\u00df. Wir haben Strukturen geschaffen, die funktionieren, und sind mitten in der Kaderplanung. Da w\u00e4re es f\u00fcr den Verein kontraproduktiv, schon wieder etwas zu \u00e4ndern&#8220;, so Marc Bach.<\/p>\n<p>Der 48-J\u00e4hrige betonte, dass er sich auf seiner aktuellen Position im Nachwuchsbereich, die er im Dezember 2025 \u00fcbernahm, optimal eingesetzt sieht.<\/p>\n<p>            &#13;<\/p>\n<p>                            <img src=\"https:\/\/www.europesays.com\/de\/wp-content\/uploads\/2026\/05\/vaQvvKai9E.jpeg\" alt=\"Verband warnt vor illegalen Ringer-Events im Ausland\" width=\"75\" height=\"75\" loading=\"lazy\" decoding=\"async\" fetchpriority=\"low\"\/><\/p>\n<p>                &#13;<\/p>\n<p>&#8222;Ich denke, ich bin auf der richtigen Position&#8220;, so Bach.<\/p>\n<p>Bach verwies zudem auf den hohen Arbeitsaufwand in der Jugendabteilung und bedankte sich bei seinen Unterst\u00fctzern im Verein sowie bei seinem Hauptarbeitgeber f\u00fcr das entgegengebrachte Verst\u00e4ndnis.<\/p>\n<p>&#8222;Es ist unheimlich viel Arbeit. Umso dankbarer bin ich, dass mich Chris P\u00f6lking, Dominik Evangelou und Philip Walz unterst\u00fctzen und wir es auf mehrere Schultern verteilen k\u00f6nnen. Aber nat\u00fcrlich soll auch mein Hauptarbeitgeber nicht leiden&#8220;, sagte Bach.<\/p>\n<p>            &#13;<\/p>\n<p>                            <img src=\"https:\/\/www.europesays.com\/de\/wp-content\/uploads\/2026\/05\/t2WA9R3fe0.jpeg\" alt=\"FC Bundestag k\u00e4mpft in L\u00fcbeck um Europameisterschaft der Parlamentarier\" width=\"75\" height=\"75\" loading=\"lazy\" decoding=\"async\" fetchpriority=\"low\"\/><\/p>\n<p>                &#13;<\/p>\n<p>In einem Gespr\u00e4ch mit Verwaltungsratschef Polick regte Bach zudem strukturelle Ver\u00e4nderungen f\u00fcr den Verein an, wie etwa die Abschaffung des reinen Profibetriebs in der Oberliga.<\/p>\n<p>&#8222;Dabei habe ich meine Sichtweise dargestellt. Eine davon ist, das Profitum abzuschaffen und das Training in den Abend zu verlegen. Ein Grund: Wenn A-Jugendliche oben mittrainieren sollen, brauchen wir f\u00fcr den Nachmittag jedes Mal eine Unterrichtsbefreiung. Es besteht ja Schulpflicht&#8220;, erkl\u00e4rte Bach.<\/p>\n<p>F\u00fcr die Nachfolge auf dem Trainerposten werden im Umfeld des Vereins bereits die Namen von Tim Schneider vom VfB Hilden sowie dem aktuellen WSV-A-Jugendtrainer Ismail Jaroui gehandelt.<\/p>\n<p>            &#13;<\/p>\n<p>                            <img src=\"https:\/\/www.europesays.com\/de\/wp-content\/uploads\/2026\/05\/Sb5pzlfbCC.jpeg\" alt=\"1. FC Bruchsal trennt sich von Trainer Andr\u00e9 Walica\" width=\"75\" height=\"75\" loading=\"lazy\" decoding=\"async\" fetchpriority=\"low\"\/><\/p>\n<p>                &#13;<\/p>\n","protected":false},"excerpt":{"rendered":"Nach dem besiegelten Abstieg in die Fu\u00dfball-Oberliga strukturiert sich der Wuppertaler SV personell neu. Der Verwaltungsrat beendete am&hellip;\n","protected":false},"author":2,"featured_media":1032485,"comment_status":"","ping_status":"","sticky":false,"template":"","format":"standard","meta":{"footnotes":"","_share_on_mastodon":"0"},"categories":[1840],"tags":[3364,29,221491,30,221492,221493,158210,1209,12006,201174,4667,4418,11342],"class_list":["post-1032484","post","type-post","status-publish","format-standard","has-post-thumbnail","category-wuppertal","tag-de","tag-deutschland","tag-dirk-polick","tag-germany","tag-ludger-kineke","tag-marc-bach","tag-mike-wunderlich","tag-nordrhein-westfalen","tag-oberliga","tag-stephan-kuesters","tag-trainerwechsel","tag-wuppertal","tag-wuppertaler-sv"],"share_on_mastodon":{"url":"https:\/\/pubeurope.com\/@de\/116605155315223542","error":""},"_links":{"self":[{"href":"https:\/\/www.europesays.com\/de\/wp-json\/wp\/v2\/posts\/1032484","targetHints":{"allow":["GET"]}}],"collection":[{"href":"https:\/\/www.europesays.com\/de\/wp-json\/wp\/v2\/posts"}],"about":[{"href":"https:\/\/www.europesays.com\/de\/wp-json\/wp\/v2\/types\/post"}],"author":[{"embeddable":true,"href":"https:\/\/www.europesays.com\/de\/wp-json\/wp\/v2\/users\/2"}],"replies":[{"embeddable":true,"href":"https:\/\/www.europesays.com\/de\/wp-json\/wp\/v2\/comments?post=1032484"}],"version-history":[{"count":0,"href":"https:\/\/www.europesays.com\/de\/wp-json\/wp\/v2\/posts\/1032484\/revisions"}],"wp:featuredmedia":[{"embeddable":true,"href":"https:\/\/www.europesays.com\/de\/wp-json\/wp\/v2\/media\/1032485"}],"wp:attachment":[{"href":"https:\/\/www.europesays.com\/de\/wp-json\/wp\/v2\/media?parent=1032484"}],"wp:term":[{"taxonomy":"category","embeddable":true,"href":"https:\/\/www.europesays.com\/de\/wp-json\/wp\/v2\/categories?post=1032484"},{"taxonomy":"post_tag","embeddable":true,"href":"https:\/\/www.europesays.com\/de\/wp-json\/wp\/v2\/tags?post=1032484"}],"curies":[{"name":"wp","href":"https:\/\/api.w.org\/{rel}","templated":true}]}}