{"id":1032638,"date":"2026-05-20T06:33:16","date_gmt":"2026-05-20T06:33:16","guid":{"rendered":"https:\/\/www.europesays.com\/de\/1032638\/"},"modified":"2026-05-20T06:33:16","modified_gmt":"2026-05-20T06:33:16","slug":"lebensmittel-razzia-bei-nestle-tochter-perrier-in-frankreich","status":"publish","type":"post","link":"https:\/\/www.europesays.com\/de\/1032638\/","title":{"rendered":"Lebensmittel: Razzia bei Nestle-Tochter Perrier in Frankreich"},"content":{"rendered":"<p class=\"text_ohne_einzug richtext text-em-55 !leading-serif mx-6 desktop:mx-0\">Franz\u00f6sische Ermittler haben eine Abf\u00fcllanlage der Wassermarke Perrier und ein Labor des Schweizer Lebensmittelkonzerns Nestle durchsucht. Nestle best\u00e4tigte die Razzien. Eine Sprecherin betonte: \u201eWir kooperieren weiterhin in vollem Umfang mit den zust\u00e4ndigen Beh\u00f6rden.\u201c Die Antibetrugsbeh\u00f6rde lehnte eine Stellungnahme ab. Die Pariser Staatsanwaltschaft war zun\u00e4chst nicht f\u00fcr einen Kommentar zu erreichen.<\/p>\n<p>Razzia wegen T\u00e4uschungsverdacht      <\/p>\n<p class=\"richtext text-em-55 !leading-serif mx-6 desktop:mx-0\">Den Razzien gingen einem Bericht von Radio France zufolge Ermittlungen voraus, die nach einer Anzeige einer Verbrauchergruppe wegen \u201eT\u00e4uschung\u201c bei der Pariser Staatsanwaltschaft eingeleitet worden waren. Perrier steht seit Monaten unter Beobachtung, seit franz\u00f6sische Medien 2024 berichtet hatten, dass die Marke unerlaubte Wasseraufbereitungsverfahren zur Verhinderung von Verunreinigungen eingesetzt habe. Dadurch sei das Wasser nicht mehr als nat\u00fcrliches Mineralwasser zu bezeichnen gewesen. Ein franz\u00f6sisches Gericht hatte Ende 2025 eine von einer anderen Verbrauchergruppe gegen Perrier angestrengte Klage abgewiesen.<\/p>\n","protected":false},"excerpt":{"rendered":"Franz\u00f6sische Ermittler haben eine Abf\u00fcllanlage der Wassermarke Perrier und ein Labor des Schweizer Lebensmittelkonzerns Nestle durchsucht. Nestle best\u00e4tigte&hellip;\n","protected":false},"author":2,"featured_media":1032639,"comment_status":"","ping_status":"","sticky":false,"template":"","format":"standard","meta":{"footnotes":"","_share_on_mastodon":"0"},"categories":[3974],"tags":[221535,331,332,44831,22314,548,663,3934,3980,156,48860,13,35094,14,46341,15,46342,1442,12,84718,221538,221536,221537],"class_list":["post-1032638","post","type-post","status-publish","format-standard","has-post-thumbnail","category-frankreich","tag-abfuellanlage","tag-aktuelle-nachrichten","tag-aktuelle-news","tag-durchsucht","tag-ermittler","tag-eu","tag-europa","tag-europe","tag-france","tag-frankreich","tag-franzoesische","tag-headlines","tag-labor","tag-nachrichten","tag-nestle","tag-news","tag-perrier","tag-razzia","tag-schlagzeilen","tag-taeuschung","tag-taeuschungsverdacht","tag-verbrauchergruppe","tag-verbrauchertaeuschung"],"share_on_mastodon":{"url":"https:\/\/pubeurope.com\/@de\/116605511473197189","error":""},"_links":{"self":[{"href":"https:\/\/www.europesays.com\/de\/wp-json\/wp\/v2\/posts\/1032638","targetHints":{"allow":["GET"]}}],"collection":[{"href":"https:\/\/www.europesays.com\/de\/wp-json\/wp\/v2\/posts"}],"about":[{"href":"https:\/\/www.europesays.com\/de\/wp-json\/wp\/v2\/types\/post"}],"author":[{"embeddable":true,"href":"https:\/\/www.europesays.com\/de\/wp-json\/wp\/v2\/users\/2"}],"replies":[{"embeddable":true,"href":"https:\/\/www.europesays.com\/de\/wp-json\/wp\/v2\/comments?post=1032638"}],"version-history":[{"count":0,"href":"https:\/\/www.europesays.com\/de\/wp-json\/wp\/v2\/posts\/1032638\/revisions"}],"wp:featuredmedia":[{"embeddable":true,"href":"https:\/\/www.europesays.com\/de\/wp-json\/wp\/v2\/media\/1032639"}],"wp:attachment":[{"href":"https:\/\/www.europesays.com\/de\/wp-json\/wp\/v2\/media?parent=1032638"}],"wp:term":[{"taxonomy":"category","embeddable":true,"href":"https:\/\/www.europesays.com\/de\/wp-json\/wp\/v2\/categories?post=1032638"},{"taxonomy":"post_tag","embeddable":true,"href":"https:\/\/www.europesays.com\/de\/wp-json\/wp\/v2\/tags?post=1032638"}],"curies":[{"name":"wp","href":"https:\/\/api.w.org\/{rel}","templated":true}]}}