{"id":1032804,"date":"2026-05-20T08:08:27","date_gmt":"2026-05-20T08:08:27","guid":{"rendered":"https:\/\/www.europesays.com\/de\/1032804\/"},"modified":"2026-05-20T08:08:27","modified_gmt":"2026-05-20T08:08:27","slug":"streik-in-hannover-angelaufen-busse-und-bahn-stehen-still","status":"publish","type":"post","link":"https:\/\/www.europesays.com\/de\/1032804\/","title":{"rendered":"Streik in Hannover angelaufen: Busse und Bahn stehen still"},"content":{"rendered":"<p>    &#13;<br \/>\n      20.05.2026, 09:07 \/ Lesedauer: ca. 2min Tarifstreik <\/p>\n<p class=\"intro\">Nach dem Auftakt der Warnstreikwoche im Nahverkehr in G\u00f6ttingen kommt es nun auch in Hannover zu massiven Einschr\u00e4nkungen. Weitere St\u00e4dte sollen im Laufe der Woche folgen. <\/p>\n<p>      &#13;<br \/>\n        <img decoding=\"async\"   src=\"https:\/\/www.europesays.com\/de\/wp-content\/uploads\/2026\/05\/im-kommunalen-nahverkehr-kommt-es-erneut-zum-warnstreik-1195072.jpg\" title=\"Streik in Hannover angelaufen: Busse und Bahn stehen still \" alt=\"Im kommunalen Nahverkehr kommt es erneut zum Warnstreik. (Archivbild) Foto: Moritz Frankenberg\/dpa\" class=\"img-responsive\"\/>&#13;<\/p>\n<p class=\"image-credit\">&#13;<br \/>\n\t\t\t\t\t\u00a9 Moritz Frankenberg\/dpa<\/p>\n<p>&#13;<br \/>\n        &#13;<br \/>\n        &#13;<\/p>\n<p>Im kommunalen Nahverkehr kommt es erneut zum Warnstreik. (Archivbild) Foto: Moritz Frankenberg\/dpa <\/p>\n<p>&#13;<\/p>\n<p class=\"image-credit\">&#13;<br \/>\n\t\t\t\t\t\t\t\u00a9 Moritz Frankenberg\/dpa<\/p>\n<p>&#13;<br \/>\n        &#13;<\/p>\n<p class=\"author\">&#13;<br \/>\n      Von dpa<\/p>\n","protected":false},"excerpt":{"rendered":"&#13; 20.05.2026, 09:07 \/ Lesedauer: ca. 2min Tarifstreik Nach dem Auftakt der Warnstreikwoche im Nahverkehr in G\u00f6ttingen kommt&hellip;\n","protected":false},"author":2,"featured_media":1032805,"comment_status":"","ping_status":"","sticky":false,"template":"","format":"standard","meta":{"footnotes":"","_share_on_mastodon":"0"},"categories":[1836],"tags":[21005,3364,29,30,46,1411,1238,9346,601],"class_list":["post-1032804","post","type-post","status-publish","format-standard","has-post-thumbnail","category-hannover","tag-pnv","tag-de","tag-deutschland","tag-germany","tag-hannover","tag-niedersachsen","tag-streik","tag-tarife","tag-verkehr"],"share_on_mastodon":{"url":"","error":""},"_links":{"self":[{"href":"https:\/\/www.europesays.com\/de\/wp-json\/wp\/v2\/posts\/1032804","targetHints":{"allow":["GET"]}}],"collection":[{"href":"https:\/\/www.europesays.com\/de\/wp-json\/wp\/v2\/posts"}],"about":[{"href":"https:\/\/www.europesays.com\/de\/wp-json\/wp\/v2\/types\/post"}],"author":[{"embeddable":true,"href":"https:\/\/www.europesays.com\/de\/wp-json\/wp\/v2\/users\/2"}],"replies":[{"embeddable":true,"href":"https:\/\/www.europesays.com\/de\/wp-json\/wp\/v2\/comments?post=1032804"}],"version-history":[{"count":0,"href":"https:\/\/www.europesays.com\/de\/wp-json\/wp\/v2\/posts\/1032804\/revisions"}],"wp:featuredmedia":[{"embeddable":true,"href":"https:\/\/www.europesays.com\/de\/wp-json\/wp\/v2\/media\/1032805"}],"wp:attachment":[{"href":"https:\/\/www.europesays.com\/de\/wp-json\/wp\/v2\/media?parent=1032804"}],"wp:term":[{"taxonomy":"category","embeddable":true,"href":"https:\/\/www.europesays.com\/de\/wp-json\/wp\/v2\/categories?post=1032804"},{"taxonomy":"post_tag","embeddable":true,"href":"https:\/\/www.europesays.com\/de\/wp-json\/wp\/v2\/tags?post=1032804"}],"curies":[{"name":"wp","href":"https:\/\/api.w.org\/{rel}","templated":true}]}}