{"id":1032816,"date":"2026-05-20T08:15:14","date_gmt":"2026-05-20T08:15:14","guid":{"rendered":"https:\/\/www.europesays.com\/de\/1032816\/"},"modified":"2026-05-20T08:15:14","modified_gmt":"2026-05-20T08:15:14","slug":"a1-vollsperrung-zwischen-kamen-zentrum-und-autobahnkreuz-dortmund-unna-in-fahrtrichtung-koeln-nachrichten-aus-kamen-auf-kamenweb-de","status":"publish","type":"post","link":"https:\/\/www.europesays.com\/de\/1032816\/","title":{"rendered":"A1: Vollsperrung zwischen Kamen-Zentrum und Autobahnkreuz Dortmund\/Unna in Fahrtrichtung K\u00f6ln | Nachrichten aus Kamen auf KamenWeb.de"},"content":{"rendered":"<p style=\"text-align: justify;\"><strong>Unna. <\/strong>Die Autobahn Westfalen saniert im Autobahnkreuz Dortmund\/Unna (A1\/A44) die Hauptfahrbahn der A1. Hierf\u00fcr wird die Autobahn von Freitag (29.5.) ab 20 Uhr bis Montag (1.6.) um 5 Uhr zwischen der Anschlussstelle Kamen-Zentrum und dem Kreuz in Fahrtrichtung K\u00f6ln gesperrt. Eine gro\u00dfr\u00e4umige Umleitung f\u00fchrt ab dem Kamener Kreuz \u00fcber die A2 und die A45, eine lokalere Umleitung f\u00fchrt ebenfalls ab dem Kamener Kreuz \u00fcber die A2, B236 und B1.<\/p>\n<p style=\"text-align: justify;\">Die Hauptfahrbahn in Fahrtrichtung Bremen wurde bereits w\u00e4hrend einer Wochenendvollsperrung der Gegenseite Anfang Mai saniert. Die Arbeiten finden im Rahmen des Umbaus des Autobahnkreuzes Dortmund\/Unna statt.<\/p>\n","protected":false},"excerpt":{"rendered":"Unna. Die Autobahn Westfalen saniert im Autobahnkreuz Dortmund\/Unna (A1\/A44) die Hauptfahrbahn der A1. Hierf\u00fcr wird die Autobahn von&hellip;\n","protected":false},"author":2,"featured_media":1032817,"comment_status":"","ping_status":"","sticky":false,"template":"","format":"standard","meta":{"footnotes":"","_share_on_mastodon":"0"},"categories":[1833],"tags":[6243,3364,29,217,221571,4234,30,17882,1420,1209,3043,13885],"class_list":["post-1032816","post","type-post","status-publish","format-standard","has-post-thumbnail","category-dortmund","tag-autobahnkreuz","tag-de","tag-deutschland","tag-dortmund","tag-dortmund-unna","tag-fahrtrichtung","tag-germany","tag-kamen","tag-koeln","tag-nordrhein-westfalen","tag-vollsperrung","tag-zentrum"],"share_on_mastodon":{"url":"https:\/\/pubeurope.com\/@de\/116605912829498242","error":""},"_links":{"self":[{"href":"https:\/\/www.europesays.com\/de\/wp-json\/wp\/v2\/posts\/1032816","targetHints":{"allow":["GET"]}}],"collection":[{"href":"https:\/\/www.europesays.com\/de\/wp-json\/wp\/v2\/posts"}],"about":[{"href":"https:\/\/www.europesays.com\/de\/wp-json\/wp\/v2\/types\/post"}],"author":[{"embeddable":true,"href":"https:\/\/www.europesays.com\/de\/wp-json\/wp\/v2\/users\/2"}],"replies":[{"embeddable":true,"href":"https:\/\/www.europesays.com\/de\/wp-json\/wp\/v2\/comments?post=1032816"}],"version-history":[{"count":0,"href":"https:\/\/www.europesays.com\/de\/wp-json\/wp\/v2\/posts\/1032816\/revisions"}],"wp:featuredmedia":[{"embeddable":true,"href":"https:\/\/www.europesays.com\/de\/wp-json\/wp\/v2\/media\/1032817"}],"wp:attachment":[{"href":"https:\/\/www.europesays.com\/de\/wp-json\/wp\/v2\/media?parent=1032816"}],"wp:term":[{"taxonomy":"category","embeddable":true,"href":"https:\/\/www.europesays.com\/de\/wp-json\/wp\/v2\/categories?post=1032816"},{"taxonomy":"post_tag","embeddable":true,"href":"https:\/\/www.europesays.com\/de\/wp-json\/wp\/v2\/tags?post=1032816"}],"curies":[{"name":"wp","href":"https:\/\/api.w.org\/{rel}","templated":true}]}}