{"id":1032835,"date":"2026-05-20T08:25:10","date_gmt":"2026-05-20T08:25:10","guid":{"rendered":"https:\/\/www.europesays.com\/de\/1032835\/"},"modified":"2026-05-20T08:25:10","modified_gmt":"2026-05-20T08:25:10","slug":"die-conterganstiftung-trauert-um-margit-hudelmaier","status":"publish","type":"post","link":"https:\/\/www.europesays.com\/de\/1032835\/","title":{"rendered":"Die Conterganstiftung trauert um Margit Hudelmaier"},"content":{"rendered":"<p class=\"date\">20.05.2026 \u2013 10:16<\/p>\n<p class=\"customer\">\n                        <a class=\"story-customer\" title=\"weiter zum newsroom von Conterganstiftung, Stiftung des \u00f6ffentlichen Rechts\" href=\"https:\/\/www.presseportal.de\/nr\/182596\" rel=\"nofollow noopener\" target=\"_blank\">Conterganstiftung, Stiftung des \u00f6ffentlichen Rechts<\/a>\n                    <\/p>\n<p><a data-category=\"citylink-story-view\" data-action=\"click\" data-label=\"Citylink in Meldungsansicht\" class=\"story-city event-trigger\" href=\"https:\/\/www.presseportal.de\/regional\/K%F6ln\" title=\"News aus K\u00f6ln \" rel=\"nofollow noopener\" target=\"_blank\">K\u00f6ln<\/a> (ots)<\/p>\n<p>Langj\u00e4hrige Vorst\u00e4ndin und Tr\u00e4gerin des Bundesverdienstkreuzes am Bande verstorben<\/p>\n<p><b>Margit Hudelmaier hat das Leben vieler Menschen mit Contergansch\u00e4digung in Deutschland ver\u00e4ndert. Die Conterganstiftung trauert um ihr Vorstandsmitglied und um eine Frau, die \u00fcber Jahrzehnte eine der best\u00e4ndigsten Stimmen f\u00fcr die Rechte von Betroffenen war.<\/b><\/p>\n<p> Margit Hudelmaier wurde am 27. Oktober 1960 in Allmendingen auf der Schw\u00e4bischen Alb geboren. Ihre Mutter hatte w\u00e4hrend der Schwangerschaft das Medikament Contergan der Firma Gr\u00fcnenthal eingenommen. Margit Hudelmaier kam mit Fehlbildungen der Arme zur Welt. <\/p>\n<p> Sie lie\u00df sich davon nicht bestimmen. Sie studierte Sozialp\u00e4dagogik und arbeitete als Fachberaterin in der Altenhilfe beim Landratsamt des Alb-Donau-Kreises. Gleichzeitig engagierte sie sich ehrenamtlich f\u00fcr Menschen mit Contergansch\u00e4digung. <\/p>\n<p> Ihr politisches Engagement begann fr\u00fch: Mit 18 Jahren wurde sie 1978 Jugendbeir\u00e4tin im Bundesverband Contergangesch\u00e4digter. 1992 \u00fcbernahm sie den Vorsitz des Bundesverbandes Contergangesch\u00e4digter e. V. Diesen Vorsitz hielt sie 22 Jahre lang. Parallel dazu vertrat sie die Menschen mit Contergansch\u00e4digung von 1992 bis 2014 im Stiftungsrat der Conterganstiftung. <\/p>\n<p> Im Jahr 2015 wurde Margit Hudelmaier in den ehrenamtlichen Vorstand der Conterganstiftung berufen. Auf ihre Initiative gehen die Einf\u00fchrung des Beratungsbereichs der Stiftung im Jahr 2017 sowie der Aufbau von zehn Multidisziplin\u00e4ren medizinischen Kompetenzzentren f\u00fcr Menschen mit Contergansch\u00e4digung im gesamten Bundesgebiet zur\u00fcck. <\/p>\n<p> Margit Hudelmaier w\u00e4hlte ihre Worte mit Bedacht. Den Begriff &#8222;Trag\u00f6die&#8220; f\u00fcr das, was Gr\u00fcnenthal verursacht hat, lehnte sie ab. Sie sprach vom Conterganskandal. Denn bei einem Skandal, so ihr Argument, gibt es Verantwortliche. <\/p>\n<p> Am 30. Juli 2010 verlieh ihr die Bundesrepublik Deutschland das Verdienstkreuz am Bande des Verdienstordens der Bundesrepublik Deutschland. Die Auszeichnung w\u00fcrdigte ihr ehrenamtliches Engagement f\u00fcr Menschen mit Contergansch\u00e4digung. <\/p>\n<p> Dieter Hackler, Vorstandsvorsitzender der Conterganstiftung: &#8222;Margit Hudelmaier hat \u00fcber Jahrzehnte mit Haltung, Klarheit und gro\u00dfer Menschlichkeit f\u00fcr Menschen mit Contergansch\u00e4digung gewirkt. Sie hat Strukturen ver\u00e4ndert und vielen Menschen direkt geholfen. Ihr Engagement war beispielhaft.&#8220; <\/p>\n<p> Margit Hudelmaier ist am 7. Mai 2026 im Alter von 65 Jahren gestorben. Die Conterganstiftung spricht ihrer Familie, ihrem Ehemann, ihren Freunden und allen Menschen, die ihr nahestanden, ihr tief empfundenes Mitgef\u00fchl aus. <\/p>\n<p class=\"contact-headline\">Pressekontakt:<\/p>\n<p class=\"contact-text\">Matthias Moeller, +49 221 3673-3673<br \/><a href=\"https:\/\/www.presseportal.de\/pm\/182596\/mailto: geschaeftsstelle@contergan.bund.de\" class=\"uri-mailto\" rel=\"nofollow noopener\" target=\"_blank\"> geschaeftsstelle@contergan.bund.de<\/a><\/p>\n<p class=\"originator\">Original-Content von: Conterganstiftung, Stiftung des \u00f6ffentlichen Rechts, \u00fcbermittelt durch news aktuell<\/p>\n","protected":false},"excerpt":{"rendered":"20.05.2026 \u2013 10:16 Conterganstiftung, Stiftung des \u00f6ffentlichen Rechts K\u00f6ln (ots) Langj\u00e4hrige Vorst\u00e4ndin und Tr\u00e4gerin des Bundesverdienstkreuzes am Bande&hellip;\n","protected":false},"author":2,"featured_media":386213,"comment_status":"","ping_status":"","sticky":false,"template":"","format":"standard","meta":{"footnotes":"","_share_on_mastodon":"0"},"categories":[1828],"tags":[221573,29,30,1420,221572,7196,1209,178,180,179,181,1458,8928],"class_list":["post-1032835","post","type-post","status-publish","format-standard","has-post-thumbnail","category-koeln","tag-conterganschdigung","tag-deutschland","tag-germany","tag-koeln","tag-margit-hudelmaier","tag-nachruf","tag-nordrhein-westfalen","tag-presse","tag-pressemeldung","tag-pressemitteilung","tag-pressemitteilungen","tag-soziales","tag-stiftung"],"share_on_mastodon":{"url":"https:\/\/pubeurope.com\/@de\/116605952150598747","error":""},"_links":{"self":[{"href":"https:\/\/www.europesays.com\/de\/wp-json\/wp\/v2\/posts\/1032835","targetHints":{"allow":["GET"]}}],"collection":[{"href":"https:\/\/www.europesays.com\/de\/wp-json\/wp\/v2\/posts"}],"about":[{"href":"https:\/\/www.europesays.com\/de\/wp-json\/wp\/v2\/types\/post"}],"author":[{"embeddable":true,"href":"https:\/\/www.europesays.com\/de\/wp-json\/wp\/v2\/users\/2"}],"replies":[{"embeddable":true,"href":"https:\/\/www.europesays.com\/de\/wp-json\/wp\/v2\/comments?post=1032835"}],"version-history":[{"count":0,"href":"https:\/\/www.europesays.com\/de\/wp-json\/wp\/v2\/posts\/1032835\/revisions"}],"wp:featuredmedia":[{"embeddable":true,"href":"https:\/\/www.europesays.com\/de\/wp-json\/wp\/v2\/media\/386213"}],"wp:attachment":[{"href":"https:\/\/www.europesays.com\/de\/wp-json\/wp\/v2\/media?parent=1032835"}],"wp:term":[{"taxonomy":"category","embeddable":true,"href":"https:\/\/www.europesays.com\/de\/wp-json\/wp\/v2\/categories?post=1032835"},{"taxonomy":"post_tag","embeddable":true,"href":"https:\/\/www.europesays.com\/de\/wp-json\/wp\/v2\/tags?post=1032835"}],"curies":[{"name":"wp","href":"https:\/\/api.w.org\/{rel}","templated":true}]}}