{"id":1033019,"date":"2026-05-20T10:10:15","date_gmt":"2026-05-20T10:10:15","guid":{"rendered":"https:\/\/www.europesays.com\/de\/1033019\/"},"modified":"2026-05-20T10:10:15","modified_gmt":"2026-05-20T10:10:15","slug":"re1-strecke-ab-2029-fuer-neun-monate-geperrt-heftige-kritik","status":"publish","type":"post","link":"https:\/\/www.europesays.com\/de\/1033019\/","title":{"rendered":"RE1-Strecke ab 2029 f\u00fcr neun Monate geperrt: Heftige Kritik"},"content":{"rendered":"<p>Forderungen nach einer \u00c4nderung der Pl\u00e4ne kommen auch von der Industrie- und Handelskammer Ostbrandenburg (IHK). &#8222;Wir haben Pendler-Bewegungen in beide Richtungen&#8220;, sagt Guido Noack, Verkehrsreferent bei der IHK am Dienstag. &#8222;F\u00fcr die Wirtschaft ist das schlicht eine Katastrophe.&#8220;<\/p>\n<p>Zahlreiche Arbeitskr\u00e4fte aus Polen m\u00fcssten beispielsweise jeden Tag nach Ostbrandenburg oder Berlin, so Noack. &#8222;Bei den Polen haben wir ungef\u00e4hr 15.000 Pendler, die jeden Tag in die Region str\u00f6men. Mit Berlin zusammen sind es noch einmal deutlich mehr. Da reden wir von ungef\u00e4hr 30.000 Pendlern.&#8220;<\/p>\n<p>Diese \u00fcber Monate hinweg mit Ersatzbussen \u00fcber die Autobahn 12 zu bef\u00f6rdern, sei keine L\u00f6sung, so der IHK-Verkehrsexperte weiter. Dies gelte besonders, wenn es um den Transport der Mitarbeiter der Tesla-Fabrik in Gr\u00fcnheide (Oder-Spree) gehe. &#8222;Es gibt kein Unternehmen in dieser Gr\u00f6\u00dfenordnung, das so stark am \u00f6ffentlichen Nahverkehr &#8211; sprich dem RE1 &#8211; h\u00e4ngt. Schon deshalb ist diese Sperrung nicht m\u00f6glich.&#8220;<\/p>\n","protected":false},"excerpt":{"rendered":"Forderungen nach einer \u00c4nderung der Pl\u00e4ne kommen auch von der Industrie- und Handelskammer Ostbrandenburg (IHK). &#8222;Wir haben Pendler-Bewegungen&hellip;\n","protected":false},"author":2,"featured_media":1033020,"comment_status":"","ping_status":"","sticky":false,"template":"","format":"standard","meta":{"footnotes":"","_share_on_mastodon":"0"},"categories":[5],"tags":[296,1890,23302,13,14,15,122047,134634,134296,143522,12,10,8,9,11],"class_list":["post-1033019","post","type-post","status-publish","format-standard","has-post-thumbnail","category-nachrichten","tag-berlin","tag-brandenburg","tag-frankfurt-oder","tag-headlines","tag-nachrichten","tag-news","tag-oder-spree","tag-rbb24bahn","tag-rbb24tagesschau","tag-rbb24tesla","tag-schlagzeilen","tag-top-news","tag-top-meldungen","tag-topmeldungen","tag-topnews"],"share_on_mastodon":{"url":"https:\/\/pubeurope.com\/@de\/116606365072262737","error":""},"_links":{"self":[{"href":"https:\/\/www.europesays.com\/de\/wp-json\/wp\/v2\/posts\/1033019","targetHints":{"allow":["GET"]}}],"collection":[{"href":"https:\/\/www.europesays.com\/de\/wp-json\/wp\/v2\/posts"}],"about":[{"href":"https:\/\/www.europesays.com\/de\/wp-json\/wp\/v2\/types\/post"}],"author":[{"embeddable":true,"href":"https:\/\/www.europesays.com\/de\/wp-json\/wp\/v2\/users\/2"}],"replies":[{"embeddable":true,"href":"https:\/\/www.europesays.com\/de\/wp-json\/wp\/v2\/comments?post=1033019"}],"version-history":[{"count":0,"href":"https:\/\/www.europesays.com\/de\/wp-json\/wp\/v2\/posts\/1033019\/revisions"}],"wp:featuredmedia":[{"embeddable":true,"href":"https:\/\/www.europesays.com\/de\/wp-json\/wp\/v2\/media\/1033020"}],"wp:attachment":[{"href":"https:\/\/www.europesays.com\/de\/wp-json\/wp\/v2\/media?parent=1033019"}],"wp:term":[{"taxonomy":"category","embeddable":true,"href":"https:\/\/www.europesays.com\/de\/wp-json\/wp\/v2\/categories?post=1033019"},{"taxonomy":"post_tag","embeddable":true,"href":"https:\/\/www.europesays.com\/de\/wp-json\/wp\/v2\/tags?post=1033019"}],"curies":[{"name":"wp","href":"https:\/\/api.w.org\/{rel}","templated":true}]}}