{"id":103311,"date":"2025-05-11T23:26:09","date_gmt":"2025-05-11T23:26:09","guid":{"rendered":"https:\/\/www.europesays.com\/de\/103311\/"},"modified":"2025-05-11T23:26:09","modified_gmt":"2025-05-11T23:26:09","slug":"alkoholisierter-40-jaehriger-rastet-in-filderstadt-aus-betrunkener-randaliert-und-beisst-63-jaehrigen-in-den-arm-kreis","status":"publish","type":"post","link":"https:\/\/www.europesays.com\/de\/103311\/","title":{"rendered":"Alkoholisierter 40-J\u00e4hriger rastet in Filderstadt aus: Betrunkener randaliert und bei\u00dft 63-J\u00e4hrigen in den Arm &#8211; Kreis"},"content":{"rendered":"<p>\t\t\t\t\t\t\t\t\t\t\t\t\t\t\t\t\t\t\t\t\t\t\t\t\t\t\t\t\t\t\t\t\t\t\t\t   \t\t\t\t\t \t\t\t\t   \t      \t\t\t\t   <img decoding=\"async\" id=\"article-image\" fetchpriority=\"high\" alt=\"Alkoholisierter 40-J\u00e4hriger rastet in Filderstadt aus: Betrunkener randaliert und bei\u00dft 63-J\u00e4hrigen in den Arm\" title=\"Alkoholisierter 40-J\u00e4hriger rastet in Filderstadt aus: Betrunkener randaliert und bei\u00dft 63-J\u00e4hrigen in den Arm\" src=\"https:\/\/www.europesays.com\/de\/wp-content\/uploads\/2025\/05\/media.media.9637af8c-f79d-456b-93e8-ab3fecc032d7.original700.jpg\" data-linkto=\"https:\/\/www.esslinger-zeitung.de\/javascript:void(0);\"\/>\t\t\t\t\t\t\t\t\t\t\t\t\t\t\t\t\t\t\t\t\t\t\t\tDie Polizei musste eingreifen, um den Betrunkenen au\u00dfer Gefecht zu setzen. Dabei beleidigte er die Beamten (Symbolbild).\u00a0Foto: Bernd Wei\u00dfbrod\/dpa\t\t\t<\/p>\n<p>Der 40-j\u00e4hrige Mann hat in der Oberdorfstra\u00dfe in Filderstadt grundlos auf Fahrzeuge eingeschlagen. Als er zur Rede gestellt wurde, wurde er handgreiflich.<\/p>\n<p>Ein 40-j\u00e4hriger Betrunkener hat am Samstagabend gegen 22.30 Uhr in der Oberdorfstra\u00dfe grundlos auf zwei Fahrzeuge eingeschlagen. Als er hierauf von einem Fahrzeuglenker zur Rede gestellt wurde, kam es zun\u00e4chst zu einer verbalen Auseinandersetzung, die anschlie\u00dfend handgreiflich wurde. Im weiteren Verlauf der Auseinandersetzung wurde ein 63-J\u00e4hriger von dem Betrunkenen in den Arm gebissen.<\/p>\n<p>Polizeibeamte beleidigt <\/p>\n<p> Durch Mithilfe mehrerer Passanten konnte der alkoholisierte <a href=\"https:\/\/www.esslinger-zeitung.de\/thema\/Randalierer\" title=\"Randalierer\" class=\"art_thema\" target=\"_blank\" rel=\"noopener\">Randalierer<\/a> bis zum Eintreffen der Polizei festgehalten werden. W\u00e4hrend der Sachverhaltsabkl\u00e4rung wurden die Polizeibeamten von dem 40-J\u00e4hrigen beleidigt, weshalb er neben der Sachbesch\u00e4digung auch mit einer Anzeige wegen Beleidigung zu rechnen hat. <\/p>\n","protected":false},"excerpt":{"rendered":"Die Polizei musste eingreifen, um den Betrunkenen au\u00dfer Gefecht zu setzen. Dabei beleidigte er die Beamten (Symbolbild).\u00a0Foto: Bernd&hellip;\n","protected":false},"author":2,"featured_media":103312,"comment_status":"","ping_status":"","sticky":false,"template":"","format":"standard","meta":{"footnotes":""},"categories":[1830],"tags":[40908,1634,5518,3364,29,3439,30,3440,16952,1441],"class_list":{"0":"post-103311","1":"post","2":"type-post","3":"status-publish","4":"format-standard","5":"has-post-thumbnail","7":"category-stuttgart","8":"tag-alkoholisiert","9":"tag-baden-wuerttemberg","10":"tag-betrunken","11":"tag-de","12":"tag-deutschland","13":"tag-esslingen","14":"tag-germany","15":"tag-polizeibericht-region-stuttgart","16":"tag-randalierer","17":"tag-stuttgart"},"share_on_mastodon":{"url":"https:\/\/pubeurope.com\/@de\/114491790778392026","error":""},"_links":{"self":[{"href":"https:\/\/www.europesays.com\/de\/wp-json\/wp\/v2\/posts\/103311","targetHints":{"allow":["GET"]}}],"collection":[{"href":"https:\/\/www.europesays.com\/de\/wp-json\/wp\/v2\/posts"}],"about":[{"href":"https:\/\/www.europesays.com\/de\/wp-json\/wp\/v2\/types\/post"}],"author":[{"embeddable":true,"href":"https:\/\/www.europesays.com\/de\/wp-json\/wp\/v2\/users\/2"}],"replies":[{"embeddable":true,"href":"https:\/\/www.europesays.com\/de\/wp-json\/wp\/v2\/comments?post=103311"}],"version-history":[{"count":0,"href":"https:\/\/www.europesays.com\/de\/wp-json\/wp\/v2\/posts\/103311\/revisions"}],"wp:featuredmedia":[{"embeddable":true,"href":"https:\/\/www.europesays.com\/de\/wp-json\/wp\/v2\/media\/103312"}],"wp:attachment":[{"href":"https:\/\/www.europesays.com\/de\/wp-json\/wp\/v2\/media?parent=103311"}],"wp:term":[{"taxonomy":"category","embeddable":true,"href":"https:\/\/www.europesays.com\/de\/wp-json\/wp\/v2\/categories?post=103311"},{"taxonomy":"post_tag","embeddable":true,"href":"https:\/\/www.europesays.com\/de\/wp-json\/wp\/v2\/tags?post=103311"}],"curies":[{"name":"wp","href":"https:\/\/api.w.org\/{rel}","templated":true}]}}