{"id":103314,"date":"2025-05-11T23:28:09","date_gmt":"2025-05-11T23:28:09","guid":{"rendered":"https:\/\/www.europesays.com\/de\/103314\/"},"modified":"2025-05-11T23:28:09","modified_gmt":"2025-05-11T23:28:09","slug":"pashanim-in-frankfurt-musik-des-hier-und-jetzt-und-bloss-weg","status":"publish","type":"post","link":"https:\/\/www.europesays.com\/de\/103314\/","title":{"rendered":"Pashanim in Frankfurt \u2013 Musik des Hier und Jetzt und Blo\u00df weg"},"content":{"rendered":"<ol class=\"id-DonaldBreadcrumb lp_west_breadcrumb id-DonaldBreadcrumb--default\" data-k5a-pos=\"west_breadcrumb\">\n<li class=\"id-Breadcrumb-item\"><a href=\"https:\/\/www.fr.de\/\" class=\"id-Breadcrumb-link\" data-id-ec=\"{\" shn=\"\" textlink=\"\" data-k5a-pos=\"1_startseite\" target=\"_blank\" rel=\"noopener\">Startseite<\/a><\/li>\n<li class=\"id-Breadcrumb-item\"><a href=\"https:\/\/www.fr.de\/kultur\/\" class=\"id-Breadcrumb-link\" data-id-ec=\"{\" shn=\"\" textlink=\"\" data-k5a-pos=\"2_kultur\" target=\"_blank\" rel=\"noopener\">Kultur<\/a><\/li>\n<li class=\"id-Breadcrumb-item\"><a href=\"https:\/\/www.fr.de\/kultur\/musik\/\" class=\"id-Breadcrumb-link\" data-id-ec=\"{\" shn=\"\" textlink=\"\" data-k5a-pos=\"3_musik\" target=\"_blank\" rel=\"noopener\">Musik<\/a><\/li>\n<\/ol>\n<p class=\"id-Story-timestamp id-Story-timestamp--default\">Stand: 11.05.2025, 17:15 Uhr<\/p>\n<p class=\"id-Story-authors id-Story-authors--default\">Von: <a class=\"id-Story-authors-link lp_west_author\" href=\"https:\/\/www.fr.de\/autoren\/9919\/\" title=\"Zur Autorenseite von Nicklas Baschek\" data-id-ec=\"{\" shn=\"\" author-link=\"\" baschek=\"\" data-k5a-pos=\"west_author\" target=\"_blank\" rel=\"noopener\">Nicklas Baschek<\/a><\/p>\n<p class=\"id-Story-interactionBar id-Story-interactionBar--default\">DruckenTeilen<\/p>\n<p><img decoding=\"async\" class=\"id-RatioPlaceholder-element wv_story_el_image\" src=\"https:\/\/www.europesays.com\/de\/wp-content\/uploads\/2025\/05\/38098177-foto-tagessatzfrankfurt-unterliederbach-jahrhunderthallefoto-aufgenommen-am-13-05-2022foto-.jpeg\" loading=\"eager\" fetchpriority=\"high\"   height=\"619\" width=\"1100\" alt=\"Das Bild zeigt die runde Kuppe der Jahrhunderthalle in Frankfurt.\"\/>Die Jahrhunderthalle. \u00a9\u00a0Rolf Oeser<\/p>\n<p class=\"id-StoryElement-leadText\">Der 24-j\u00e4hrige Nostalgiker Pashanim in der Frankfurter Jahrhunderthalle.<\/p>\n<p class=\"id-StoryElement-paragraph\">Das Konzert ist schon lange ausverkauft in der Jahrhunderthalle in Frankfurt. Sehr viele junge Menschen in der Abendsonne, in einem anderen Blau. Diese Abendsonne ist wie gemalt f\u00fcr den Sound des wohl gr\u00f6\u00dften Nostalgikers des gegenw\u00e4rtigen Deutschrap. <\/p>\n<p class=\"id-StoryElement-paragraph\">Pashanim hei\u00dft er, er ist gerade mal vierundzwanzig. Er war vor Jahren einer der ersten, der housige Beats und gef\u00fchlige Gitarrensamples verband mit einem erstaunlich sentimentalen Zungenschlag. In wenigen Worten rappte er in scheinbar abgekl\u00e4rtem Tonfall \u00fcber ein ewiges Gestern aus Wegwollen aus Kreuzberg und Herzschmerz. Der Altersdurchschnitt hier ist j\u00fcnger als der Rapper selbst, Anfang zwanzig, vielleicht drei\u00dfig Prozent Frauen, Nike Air Max Plus und Fu\u00dfballtrikots von Paris und Palit\u00fccher um Palit\u00fccher. <\/p>\n<p class=\"id-StoryElement-paragraph\">Ein Warmup-DJ namens Abuglitsch spielt Musik vom Band vorneweg, bl\u00f6kt ins Mikrofon, Soundeffekte aus dem Autoscooterkosmos. Turnup als Prinzip. Drake l\u00e4uft. Nun. Es steckt eine gewisse Lieblosigkeit hierin, die in anderen Kreisen mal lief unter Do it yourself. Weg des geringsten Widerstands, vielleicht. <\/p>\n<p>Er sei Stra\u00dfe, aber kein Gangster, rappt er<\/p>\n<p class=\"id-StoryElement-paragraph\">Pashanim kommt um zwanzig nach acht, Sonnenbrille, Trainingsjacke, Mittelscheitel. Es gibt die Geschichte, dass er nach den ersten Hits erpresst wurde, deswegen jahrelang so wenig rausbrachte und tourte. Er rappte selbst dar\u00fcber, er sei Stra\u00dfe, aber kein Gangster. Das ist so nebenher erz\u00e4hlt, wie er es andauernd macht, und er liefert nebenher sowas wie Klugheit in einem Game aus Testosteron und Zahn um Zahn. Die Erpressung war dann wie der Einbruch des Ernstes ins Spiel. <\/p>\n<p class=\"id-StoryElement-paragraph\">Es sind viele Jungs mit ihm auf der B\u00fchne, sie bringen Bewegung und die Adlibs, im Hintergrund ein Streifen Videoleinwand, dort laufen Musikvideofetzen durch und Filmschnipsel, St\u00e4dtenamen. Autos. Tunnel. Stadteing\u00e4nge und Stadtausg\u00e4nge. Emogitarren und Uptempobeats. Der Song hei\u00dft schon \u201eMs. Jackson\u201c, wie der absolute \u00dcberhit von Outkast aus den 90ern. \u201eDeine Mama h\u00f6rt meinen Song und fragt \u201awer hat das komponiert?\u2018 \u201aIch hab das geschrieben im Taxi f\u00fcr ihre Tochter Ms. Jackson.\u2018\u201c \u201eF\u00fcr alle Unterdr\u00fcckten\u201c ruft sein DJ. Es wird \u201eFree Palestine\u201c daraus, im Hintergrund. <\/p>\n<p class=\"id-StoryElement-paragraph\">Mehrmals bricht er einen Song ab, weil er sieht, dass jemand in der Menge f\u00e4llt. Ich erinnere mich an viele, viele Konzerte in Autonomen Zentren, in denen sich die Leute unter Freunden beim Violent Dancing umtreten. Manches wird besser. Insgesamt f\u00e4llt auf, wie geschmackvoll diese Instrumentals sind, und wie stimmig es passt zu genau diesem einen melancholischen Dude auf der B\u00fchne. Diese Stimme, die gleichzeitig souver\u00e4n und mitf\u00fchlend klingt, viele treibende Beats, aber es ist eine Party wie bei Robyn: Dancing on my own. Gegen Ende spielt er \u201eSommergewitter\u201c, den Hit von vor drei Jahren. \u201eLetztes Jahr hatten wir nichts, doch jetzt ist vorbei. Unsere Eltern kamen mit zwei Taschen damals aus T\u00fcrkei.\u201c Ein paar Gitarrent\u00f6ne wie offene Fragen. Er geht, nach knapp drei\u00dfig Songs. Er dankt seinem Busfahrer, \u201eder uns immer sicher von Stadt zu Stadt bringt\u201c. <\/p>\n<p class=\"id-StoryElement-paragraph\">Eine Musik, die vom Sehnen erz\u00e4hlt, und eine Musik, die immer hier bleibt. Popmusik als Hier und Jetzt und Blo\u00df weg. Man muss sich Pashanim wohl als gl\u00fccklichen Menschen vorstellen.<\/p>\n","protected":false},"excerpt":{"rendered":"Startseite Kultur Musik Stand: 11.05.2025, 17:15 Uhr Von: Nicklas Baschek DruckenTeilen Die Jahrhunderthalle. \u00a9\u00a0Rolf Oeser Der 24-j\u00e4hrige Nostalgiker&hellip;\n","protected":false},"author":2,"featured_media":103315,"comment_status":"","ping_status":"","sticky":false,"template":"","format":"standard","meta":{"footnotes":""},"categories":[1829],"tags":[29,2050,2051,30,2052],"class_list":{"0":"post-103314","1":"post","2":"type-post","3":"status-publish","4":"format-standard","5":"has-post-thumbnail","7":"category-frankfurt-am-main","8":"tag-deutschland","9":"tag-frankfurt","10":"tag-frankfurt-am-main","11":"tag-germany","12":"tag-hessen"},"share_on_mastodon":{"url":"https:\/\/pubeurope.com\/@de\/114491798615051928","error":""},"_links":{"self":[{"href":"https:\/\/www.europesays.com\/de\/wp-json\/wp\/v2\/posts\/103314","targetHints":{"allow":["GET"]}}],"collection":[{"href":"https:\/\/www.europesays.com\/de\/wp-json\/wp\/v2\/posts"}],"about":[{"href":"https:\/\/www.europesays.com\/de\/wp-json\/wp\/v2\/types\/post"}],"author":[{"embeddable":true,"href":"https:\/\/www.europesays.com\/de\/wp-json\/wp\/v2\/users\/2"}],"replies":[{"embeddable":true,"href":"https:\/\/www.europesays.com\/de\/wp-json\/wp\/v2\/comments?post=103314"}],"version-history":[{"count":0,"href":"https:\/\/www.europesays.com\/de\/wp-json\/wp\/v2\/posts\/103314\/revisions"}],"wp:featuredmedia":[{"embeddable":true,"href":"https:\/\/www.europesays.com\/de\/wp-json\/wp\/v2\/media\/103315"}],"wp:attachment":[{"href":"https:\/\/www.europesays.com\/de\/wp-json\/wp\/v2\/media?parent=103314"}],"wp:term":[{"taxonomy":"category","embeddable":true,"href":"https:\/\/www.europesays.com\/de\/wp-json\/wp\/v2\/categories?post=103314"},{"taxonomy":"post_tag","embeddable":true,"href":"https:\/\/www.europesays.com\/de\/wp-json\/wp\/v2\/tags?post=103314"}],"curies":[{"name":"wp","href":"https:\/\/api.w.org\/{rel}","templated":true}]}}