{"id":1033260,"date":"2026-05-20T12:28:17","date_gmt":"2026-05-20T12:28:17","guid":{"rendered":"https:\/\/www.europesays.com\/de\/1033260\/"},"modified":"2026-05-20T12:28:17","modified_gmt":"2026-05-20T12:28:17","slug":"messerangriff-in-stuttgart-staatsschutz-ermittelt-wegen-rechtsextremismus","status":"publish","type":"post","link":"https:\/\/www.europesays.com\/de\/1033260\/","title":{"rendered":"Messerangriff in Stuttgart: Staatsschutz ermittelt wegen Rechtsextremismus"},"content":{"rendered":"<p>Rechtsextremistisches Motiv? <\/p>\n<p>Springmesserattacke in Stuttgart: Staatsschutz ermittelt<\/p>\n<p>20.05.2026 &#8211; 14:07 UhrLesedauer: 1 Min.<\/p>\n<p><a href=\"#focus-0\" class=\"transition-colors duration-200 block text-current relative\" data-sctrack=\"FocusGalleryImage.Reference\"><img fetchpriority=\"high\" data-testid=\"Opener.Image\"   loading=\"eager\" src=\"https:\/\/www.europesays.com\/de\/wp-content\/uploads\/2026\/05\/messerverbot-waffenverbot-waffenverbotszone-wien-09-01-2025-messer-springmesser-dolch-stichwaffe-pub.jpeg\" alt=\"imago images 0792773977\" title=\"imago images 0792773977\" width=\"2500\" height=\"1406\" class=\"bg-[url:var(--lqipURL)] bg-cover bg-center flex h-full w-full max-w-full\" style=\"--lqipURL:url('https:\/\/images.t-online.de\/2026\/05\/Om6-FBMSlZF9\/0x131:2500x1406\/fit-in\/150x0\/filters:blur(25)\/messerverbot-waffenverbot-waffenverbotszone-wien-09-01-2025-messer-springmesser-dolch-stichwaffe-publicationxnotxinxaut.jpg')\" decoding=\"async\"\/><img loading=\"lazy\" src=\"https:\/\/www.t-online.de\/s\/paper\/_next\/static\/media\/zoom-in.f7dae02f.svg\" alt=\"Vergr\u00f6\u00dfern des Bildes\" title=\"Vergr\u00f6\u00dfern des Bildes\" class=\"block h-[calc(var(--height)_\/_16_*_1rem)] w-[calc(var(--width)_\/_16_*_1rem)] max-w-none absolute bottom-8 right-8 rounded-4 bg-snow p-8\" style=\"--width:32;--height:32\" decoding=\"async\"\/><\/a><\/p>\n<p>Ein sogenanntes Springmesser (Symbolbild): Mit einer solchen Waffe haben zwei M\u00e4nner ihr Opfer attackiert \u2013 wohl aus einem rechtsextremistischen Motiv heraus. (Quelle: IMAGO\/imago)<\/p>\n<p><img loading=\"lazy\" src=\"https:\/\/www.t-online.de\/s\/paper\/_next\/static\/media\/audio-volume.6689034c.svg\" alt=\"\" title=\"\" class=\"block h-[calc(var(--height)_\/_16_*_1rem)] w-[calc(var(--width)_\/_16_*_1rem)] max-w-none group-hover:brightness-0 group-hover:invert\" style=\"--width:16;--height:16\" decoding=\"async\"\/>Vorlesen<\/p>\n<p>Aktuelle Zeit:0:00Gesamtdauer:0:00<\/p>\n<p>1x<\/p>\n<p class=\"text-center\">Jetzt neu bei t-online:<\/p>\n<p class=\"text-center\">Schriftgr\u00f6\u00dfe anpassen!<\/p>\n<p><img loading=\"lazy\" src=\"https:\/\/www.t-online.de\/s\/paper\/_next\/static\/media\/font-sizes.32942e33.svg\" alt=\"\" title=\"\" class=\"block h-[calc(var(--height)_\/_16_*_1rem)] w-[calc(var(--width)_\/_16_*_1rem)] max-w-none group-hover:hidden group-aria-expanded:hidden\" style=\"--width:16;--height:16\" decoding=\"async\"\/><img loading=\"lazy\" src=\"https:\/\/www.t-online.de\/s\/paper\/_next\/static\/media\/font-sizes-dark-mode.e382645c.svg\" alt=\"\" title=\"\" class=\"block h-[calc(var(--height)_\/_16_*_1rem)] w-[calc(var(--width)_\/_16_*_1rem)] max-w-none hidden group-hover:block group-aria-expanded:block\" style=\"--width:16;--height:16\" decoding=\"async\"\/><img loading=\"lazy\" src=\"https:\/\/www.t-online.de\/s\/paper\/_next\/static\/media\/sharing-menu-icon.1eb71368.svg\" alt=\"\" title=\"\" class=\"block h-[calc(var(--height)_\/_16_*_1rem)] w-[calc(var(--width)_\/_16_*_1rem)] max-w-none group-hover:brightness-0 group-hover:invert\" style=\"--width:16;--height:16\" decoding=\"async\"\/>Artikel teilen<\/p>\n<p class=\"font-bold text-18 leading-17 user-text-lg:text-22 user-text-xl:text-24\">Zwei M\u00e4nner greifen ihr Opfer mit einem Springmesser an. Nun hat der Staatsschutz die Ermittlungen \u00fcbernommen. Denn es steht ein rechtsextremistisches Tatmotiv im Raum.<\/p>\n<p class=\"text-18 leading-17 user-text-lg:text-22 user-text-xl:text-24\">Nach einem lebensgef\u00e4hrlichen Angriff mit einem Springmesser auf einen 44 Jahre alten Mann in <a class=\"transition-colors duration-200 cursor-pointer text-inherit no-underline text-salemsfur md:hover:text-magenta md:hover:border-magenta md:focus:text-magenta border-current border-b border-solid break-words\" data-tracking=\"{&quot;action&quot;:&quot;click&quot;,&quot;category&quot;:&quot;intextLink&quot;,&quot;label&quot;:&quot;https:\/\/stuttgart.t-online.de\/region\/stuttgart\/&quot;}\" href=\"https:\/\/stuttgart.t-online.de\/region\/stuttgart\/\" data-sctrack=\"BodyAnchor\" rel=\"nofollow noopener\" target=\"_blank\">Stuttgart<\/a> im April \u00fcbernimmt nun das Staatsschutzzentrum Baden-W\u00fcrttemberg die Ermittlungen in dem Fall.<\/p>\n<p class=\"text-18 leading-17 user-text-lg:text-22 user-text-xl:text-24\">Es werde ein politisches, mutma\u00dflich rechtsextremistisches Motiv hinter der Tat vermutet, die zwei M\u00e4nner ver\u00fcbt haben sollen, teilten Generalstaatsanwaltschaft und Polizei in Stuttgart mit. Sie sollen ihr Opfer mehrfach in die Brust gestochen haben, es \u00fcberlebte nur knapp. Die Verd\u00e4chtigen sitzen seit der Tat in Untersuchungshaft.<\/p>\n<ul class=\"text-18 leading-17 block pl-24 *:pb-16 *:before:inline-block *:before:size-8 *:before:bg-magenta *:before:-ml-[20px] *:before:mb-2 *:before:mr-12 *:before:mt-0\">\n<li><strong class=\"font-bold\">Haft verb\u00fc\u00dft:<\/strong> <a class=\"transition-colors duration-200 cursor-pointer text-inherit no-underline text-salemsfur md:hover:text-magenta md:hover:border-magenta md:focus:text-magenta border-current border-b border-solid break-words\" data-tracking=\"{&quot;action&quot;:&quot;click&quot;,&quot;category&quot;:&quot;intextLink&quot;,&quot;label&quot;:&quot;\/nachrichten\/deutschland\/gesellschaft\/id_101262578\/nsu-helfer-ralf-wohlleben-aus-gefaengnis-entlassen.html&quot;}\" href=\"https:\/\/www.t-online.de\/nachrichten\/deutschland\/gesellschaft\/id_101262578\/nsu-helfer-ralf-wohlleben-aus-gefaengnis-entlassen.html\" data-sctrack=\"BodyAnchor\" rel=\"nofollow noopener\" target=\"_blank\">NSU-Helfer Ralf Wohlleben aus Gef\u00e4ngnis entlassen<\/a><\/li>\n<li><strong class=\"font-bold\">&#8222;Einl\u00f6sung des Schutzversprechens&#8220;:<\/strong> <a class=\"transition-colors duration-200 cursor-pointer text-inherit no-underline text-salemsfur md:hover:text-magenta md:hover:border-magenta md:focus:text-magenta border-current border-b border-solid break-words\" data-tracking=\"{&quot;action&quot;:&quot;click&quot;,&quot;category&quot;:&quot;intextLink&quot;,&quot;label&quot;:&quot;\/nachrichten\/deutschland\/gesellschaft\/id_101246610\/gewaltschutzgesetz-bundestag-beschliesst-fussfessel-fuer-gewalttaeter.html&quot;}\" href=\"https:\/\/www.t-online.de\/nachrichten\/deutschland\/gesellschaft\/id_101246610\/gewaltschutzgesetz-bundestag-beschliesst-fussfessel-fuer-gewalttaeter.html\" data-sctrack=\"BodyAnchor\" rel=\"nofollow noopener\" target=\"_blank\">Gewaltt\u00e4ter bekommen k\u00fcnftig Fu\u00dffesseln<\/a><\/li>\n<\/ul>\n<p>T\u00e4ter vermuteten wohl &#8222;Antifa&#8220;-Mitgliedschaft des Opfers<\/p>\n<p class=\"text-18 leading-17 user-text-lg:text-22 user-text-xl:text-24\">Mindestens einer der 19 und 21 Jahre alten M\u00e4nner sei der rechtsextremen Szene zuzuordnen, wie es weiter hie\u00df. Unmittelbar vor der Stichattacke sollen die beiden das Opfer als angebliches Mitglied einer &#8222;Antifa&#8220; angesprochen haben. Ob der 44-J\u00e4hrige tats\u00e4chlich der linken Szene zuzuordnen ist, ist nach Worten eines Sprechers der Generalstaatsanwaltschaft noch unklar. &#8222;Er wurde von den beiden Beschuldigten jedenfalls als linksdenkend ausgemacht&#8220;, sagte er. Das Verfahren werde aktuell wegen des Verdachts des versuchten Totschlags in Tateinheit mit gef\u00e4hrlicher K\u00f6rperverletzung gef\u00fchrt.<\/p>\n<p class=\"text-18 leading-17 user-text-lg:text-22 user-text-xl:text-24\">Die beiden Beschuldigten wurden nach der blutigen Attacke auf den 44-J\u00e4hrigen am Abend des 24. April im Rahmen einer sofort eingeleiteten Fahndung festgenommen. Das Opfer \u00fcberlebte nur dank einer Notoperation.<\/p>\n<p class=\"text-18 leading-17 user-text-lg:text-22 user-text-xl:text-24\">Das Staatsschutzzentrum bei der Generalstaatsanwaltschaft Stuttgart kann herausgehobene Ermittlungsverfahren, denen eine extremistische oder terroristische Motivation zugrunde liegt, \u00fcbernehmen.<\/p>\n","protected":false},"excerpt":{"rendered":"Rechtsextremistisches Motiv? Springmesserattacke in Stuttgart: Staatsschutz ermittelt 20.05.2026 &#8211; 14:07 UhrLesedauer: 1 Min. Ein sogenanntes Springmesser (Symbolbild): Mit&hellip;\n","protected":false},"author":2,"featured_media":1033261,"comment_status":"","ping_status":"","sticky":false,"template":"","format":"standard","meta":{"footnotes":"","_share_on_mastodon":"0"},"categories":[1830],"tags":[326,32845,1634,3364,29,30,121,3447,1441],"class_list":["post-1033260","post","type-post","status-publish","format-standard","has-post-thumbnail","category-stuttgart","tag-326","tag-antifa","tag-baden-wuerttemberg","tag-de","tag-deutschland","tag-germany","tag-polizei","tag-staatsschutz","tag-stuttgart"],"share_on_mastodon":{"url":"https:\/\/pubeurope.com\/@de\/116606910335205771","error":""},"_links":{"self":[{"href":"https:\/\/www.europesays.com\/de\/wp-json\/wp\/v2\/posts\/1033260","targetHints":{"allow":["GET"]}}],"collection":[{"href":"https:\/\/www.europesays.com\/de\/wp-json\/wp\/v2\/posts"}],"about":[{"href":"https:\/\/www.europesays.com\/de\/wp-json\/wp\/v2\/types\/post"}],"author":[{"embeddable":true,"href":"https:\/\/www.europesays.com\/de\/wp-json\/wp\/v2\/users\/2"}],"replies":[{"embeddable":true,"href":"https:\/\/www.europesays.com\/de\/wp-json\/wp\/v2\/comments?post=1033260"}],"version-history":[{"count":0,"href":"https:\/\/www.europesays.com\/de\/wp-json\/wp\/v2\/posts\/1033260\/revisions"}],"wp:featuredmedia":[{"embeddable":true,"href":"https:\/\/www.europesays.com\/de\/wp-json\/wp\/v2\/media\/1033261"}],"wp:attachment":[{"href":"https:\/\/www.europesays.com\/de\/wp-json\/wp\/v2\/media?parent=1033260"}],"wp:term":[{"taxonomy":"category","embeddable":true,"href":"https:\/\/www.europesays.com\/de\/wp-json\/wp\/v2\/categories?post=1033260"},{"taxonomy":"post_tag","embeddable":true,"href":"https:\/\/www.europesays.com\/de\/wp-json\/wp\/v2\/tags?post=1033260"}],"curies":[{"name":"wp","href":"https:\/\/api.w.org\/{rel}","templated":true}]}}