{"id":1033302,"date":"2026-05-20T12:51:20","date_gmt":"2026-05-20T12:51:20","guid":{"rendered":"https:\/\/www.europesays.com\/de\/1033302\/"},"modified":"2026-05-20T12:51:20","modified_gmt":"2026-05-20T12:51:20","slug":"heidi-klum-wechseljahre-habe-auch-vorteile","status":"publish","type":"post","link":"https:\/\/www.europesays.com\/de\/1033302\/","title":{"rendered":"Heidi Klum: Wechseljahre habe auch Vorteile"},"content":{"rendered":"<p>Wechseljahre haben auch Vorteile <\/p>\n<p>Heidi Klum: &#8222;Ich bin hei\u00dfer als jemals zuvor&#8220;<\/p>\n<p>20.05.2026 &#8211; 12:21 UhrLesedauer: 2 Min.<\/p>\n<p><a href=\"#focus-0\" class=\"transition-colors duration-200 block text-current relative\" data-sctrack=\"FocusGalleryImage.Reference\"><img fetchpriority=\"high\" data-testid=\"Opener.Image\"   loading=\"eager\" src=\"https:\/\/www.europesays.com\/de\/wp-content\/uploads\/2026\/05\/heidi-klum-das-model-fuehlt-sich-gerade-sehr-wohl.jpg\" alt=\"Heidi Klum: Das Model f\u00fchlt sich gerade sehr wohl.\" title=\"Heidi Klum: Das Model f\u00fchlt sich gerade sehr wohl.\" width=\"3291\" height=\"1851\" class=\"bg-[url:var(--lqipURL)] bg-cover bg-center flex h-full w-full max-w-full\" style=\"--lqipURL:url('https:\/\/images.t-online.de\/2026\/05\/VBdnh78lpU4N\/85x185:3291x1851\/fit-in\/150x0\/filters:blur(25)\/heidi-klum-das-model-fuehlt-sich-gerade-sehr-wohl.jpg')\" decoding=\"async\"\/><img loading=\"lazy\" src=\"https:\/\/www.t-online.de\/s\/paper\/_next\/static\/media\/zoom-in.f7dae02f.svg\" alt=\"Vergr\u00f6\u00dfern des Bildes\" title=\"Vergr\u00f6\u00dfern des Bildes\" class=\"block h-[calc(var(--height)_\/_16_*_1rem)] w-[calc(var(--width)_\/_16_*_1rem)] max-w-none absolute bottom-8 right-8 rounded-4 bg-snow p-8\" style=\"--width:32;--height:32\" decoding=\"async\"\/><\/a><\/p>\n<p>Heidi Klum: Das Model f\u00fchlt sich gerade sehr wohl. (Quelle: IMAGO\/Reynaud Julien\/APS-Medias\/ABACA)<\/p>\n<p><img loading=\"lazy\" src=\"https:\/\/www.t-online.de\/s\/paper\/_next\/static\/media\/audio-volume.6689034c.svg\" alt=\"\" title=\"\" class=\"block h-[calc(var(--height)_\/_16_*_1rem)] w-[calc(var(--width)_\/_16_*_1rem)] max-w-none group-hover:brightness-0 group-hover:invert\" style=\"--width:16;--height:16\" decoding=\"async\"\/>Vorlesen<\/p>\n<p>Aktuelle Zeit:0:00Gesamtdauer:0:00<\/p>\n<p>1x<\/p>\n<p class=\"text-center\">Jetzt neu bei t-online:<\/p>\n<p class=\"text-center\">Schriftgr\u00f6\u00dfe anpassen!<\/p>\n<p><img loading=\"lazy\" src=\"https:\/\/www.t-online.de\/s\/paper\/_next\/static\/media\/font-sizes.32942e33.svg\" alt=\"\" title=\"\" class=\"block h-[calc(var(--height)_\/_16_*_1rem)] w-[calc(var(--width)_\/_16_*_1rem)] max-w-none group-hover:hidden group-aria-expanded:hidden\" style=\"--width:16;--height:16\" decoding=\"async\"\/><img loading=\"lazy\" src=\"https:\/\/www.t-online.de\/s\/paper\/_next\/static\/media\/font-sizes-dark-mode.e382645c.svg\" alt=\"\" title=\"\" class=\"block h-[calc(var(--height)_\/_16_*_1rem)] w-[calc(var(--width)_\/_16_*_1rem)] max-w-none hidden group-hover:block group-aria-expanded:block\" style=\"--width:16;--height:16\" decoding=\"async\"\/><img loading=\"lazy\" src=\"https:\/\/www.t-online.de\/s\/paper\/_next\/static\/media\/sharing-menu-icon.1eb71368.svg\" alt=\"\" title=\"\" class=\"block h-[calc(var(--height)_\/_16_*_1rem)] w-[calc(var(--width)_\/_16_*_1rem)] max-w-none group-hover:brightness-0 group-hover:invert\" style=\"--width:16;--height:16\" decoding=\"async\"\/>Artikel teilen<\/p>\n<p class=\"font-bold text-18 leading-17 user-text-lg:text-22 user-text-xl:text-24\">Als Model verdient Heidi Klum mit ihrem Aussehen Geld. Momentan befindet sie sich in einer neuen Lebensphase und die stehe ihr ausgezeichnet, wie Klum findet.<\/p>\n<p class=\"text-18 leading-17 user-text-lg:text-22 user-text-xl:text-24\"><a class=\"transition-colors duration-200 cursor-pointer text-inherit no-underline text-salemsfur md:hover:text-magenta md:hover:border-magenta md:focus:text-magenta border-current border-b border-solid break-words\" data-tracking=\"{&quot;action&quot;:&quot;click&quot;,&quot;category&quot;:&quot;intextLink&quot;,&quot;label&quot;:&quot;\/themen\/heidi-klum\/&quot;}\" href=\"https:\/\/www.t-online.de\/themen\/heidi-klum\/\" data-sctrack=\"BodyAnchor\" rel=\"nofollow noopener\" target=\"_blank\">Heidi Klum<\/a> hat sich auch au\u00dferhalb Deutschlands eine erfolgreiche Karriere aufgebaut. Seit mehreren Jahrzehnten steht die 52-J\u00e4hrige im Rampenlicht. Ihr Aussehen ist dabei h\u00e4ufig Thema. Jetzt hat Klum verraten, dass sie seit etwa einem Jahr Ver\u00e4nderungen an sich und ihrem K\u00f6rper festgestellt hat.<\/p>\n<p>Im Video | Das hat Heidi Klum an sich machen lassen<\/p>\n<p><img loading=\"lazy\" src=\"https:\/\/www.t-online.de\/s\/paper\/_next\/static\/media\/loading-indicator-magenta.1f35d8de.svg\" alt=\"Video l\u00e4dt\" title=\"Video l\u00e4dt\" class=\"block h-[calc(var(--height)_\/_16_*_1rem)] w-[calc(var(--width)_\/_16_*_1rem)] max-w-none undefined\" style=\"--width:32;--height:32\" decoding=\"async\"\/>Player wird geladenQuelle: t-online<\/p>\n<p class=\"text-18 leading-17 user-text-lg:text-22 user-text-xl:text-24\">&#8222;Auf einmal war mir immer hei\u00df. Ich bin wortw\u00f6rtlich hei\u00dfer als jemals zuvor. So f\u00fchle ich mich zumindest&#8220;, sagte sie im Gespr\u00e4ch mit der Zeitschrift &#8222;Bunte&#8220;. Vorher sei sie immer eine &#8222;Frostbeule&#8220; gewesen. &#8222;Wenn ich irgendwo in einen Raum gekommen bin, in dem die Klimaanlage lief, habe ich die immer erstmal ausgeschaltet&#8220;, berichtete sie.<\/p>\n<ul class=\"text-18 leading-17 block pl-24 *:pb-16 *:before:inline-block *:before:size-8 *:before:bg-magenta *:before:-ml-[20px] *:before:mb-2 *:before:mr-12 *:before:mt-0\">\n<li><strong class=\"font-bold\">Heidi Klum verr\u00e4t:<\/strong> <a class=\"transition-colors duration-200 cursor-pointer text-inherit no-underline text-salemsfur md:hover:text-magenta md:hover:border-magenta md:focus:text-magenta border-current border-b border-solid break-words\" data-tracking=\"{&quot;action&quot;:&quot;click&quot;,&quot;category&quot;:&quot;intextLink&quot;,&quot;label&quot;:&quot;\/unterhaltung\/stars\/id_101256872\/heidi-klum-verraet-tom-kaulitz-fand-sie-anfangs-zu-duenn.html&quot;}\" href=\"https:\/\/www.t-online.de\/unterhaltung\/stars\/id_101256872\/heidi-klum-verraet-tom-kaulitz-fand-sie-anfangs-zu-duenn.html\" data-sctrack=\"BodyAnchor\" rel=\"nofollow noopener\" target=\"_blank\">Ehemann Tom bemerkt das \u00c4lterwerden<\/a><\/li>\n<\/ul>\n<p class=\"text-18 leading-17 user-text-lg:text-22 user-text-xl:text-24\">Dass dieses neue Empfinden mit den Wechseljahren zusammenh\u00e4ngt, wusste Klum zun\u00e4chst nicht. &#8222;Man redet da ja nicht wirklich dr\u00fcber. Dabei finde ich es so wichtig, dass wir uns untereinander austauschen und solche Thematiken auch enttabuisieren&#8220;, erkl\u00e4rte sie.<\/p>\n<p class=\"text-18 leading-17 user-text-lg:text-22 user-text-xl:text-24\">Ihre Mutter habe mit ihr zum Beispiel nie \u00fcber die Wechseljahre gesprochen. Auch so bekomme sie von Auswirkungen oder Nebenwirkungen nur am Rande etwas mit. &#8222;Jede Frau erlebt das anders. Manche haben Schmerzen an der Schulter oder Gelenken, andere eben Hitzewallungen.&#8220;<\/p>\n<p>&#8222;Jetzt bin ich andauernd wach&#8220;<\/p>\n<p class=\"text-18 leading-17 user-text-lg:text-22 user-text-xl:text-24\">Bei ihr selbst \u00e4u\u00dferten sich die Wechseljahre auch in ihrem Schlafrhythmus. Klum schlafe momentan viel unregelm\u00e4\u00dfiger. &#8222;Fr\u00fcher habe ich fest geschlafen. Jetzt bin ich andauernd wach.&#8220; Oft sei die Nacht bei ihr bereits um sechs Uhr morgens vorbei. Doch sie kann dem auch etwas Positives abgewinnen. &#8222;Eigentlich ist das ja ganz praktisch. Dann kann ich schon anfangen zu arbeiten und habe meine E-Mails schon ziemlich durchgearbeitet, wenn mein Mann dann wach wird.&#8220;<\/p>\n<p><a href=\"#focus-1\" class=\"transition-colors duration-200 block text-current relative\" data-sctrack=\"FocusGalleryImage.Reference\"><img   loading=\"lazy\" src=\"https:\/\/www.europesays.com\/de\/wp-content\/uploads\/2026\/05\/tom-kaulitz-und-heidi-klum-die-beiden-sind-seit-2019-verheiratet.jpg\" alt=\"Tom Kaulitz und Heidi Klum: Die beiden sind seit 2019 verheiratet.\" title=\"Tom Kaulitz und Heidi Klum: Die beiden sind seit 2019 verheiratet.\" width=\"2667\" height=\"4000\" class=\"h-full w-full max-w-full rounded-8\" decoding=\"async\"\/><img loading=\"lazy\" src=\"https:\/\/www.t-online.de\/s\/paper\/_next\/static\/media\/zoom-in.f7dae02f.svg\" alt=\"Vergr\u00f6\u00dfern des Bildes\" title=\"Vergr\u00f6\u00dfern des Bildes\" class=\"block h-[calc(var(--height)_\/_16_*_1rem)] w-[calc(var(--width)_\/_16_*_1rem)] max-w-none absolute bottom-8 right-8 rounded-4 bg-snow p-8\" style=\"--width:32;--height:32\" decoding=\"async\"\/>Tom Kaulitz und Heidi Klum: Die beiden sind seit 2019 verheiratet. (Quelle: IMAGO \/ Marja)<\/a><\/p>\n<p class=\"text-18 leading-17 user-text-lg:text-22 user-text-xl:text-24\">Auch ihre Lippenfarbe hat sich ver\u00e4ndert, berichtete Klum. Fr\u00fcher seien die eher pink gewesen. &#8222;Jetzt ist meine nat\u00fcrliche Farbe blasser geworden.&#8220; Sie frage sich nun: &#8222;Wenn du \u00e4lter wirst, wo ist bitte die Lippenfarbe hin?&#8220; Klum nimmt es gelassen: &#8222;Alles ver\u00e4ndert sich ein wenig.&#8220; Sie kaschiere das allerdings mit diversen Beautyprodukten.<\/p>\n","protected":false},"excerpt":{"rendered":"Wechseljahre haben auch Vorteile Heidi Klum: &#8222;Ich bin hei\u00dfer als jemals zuvor&#8220; 20.05.2026 &#8211; 12:21 UhrLesedauer: 2 Min.&hellip;\n","protected":false},"author":2,"featured_media":1033303,"comment_status":"","ping_status":"","sticky":false,"template":"","format":"standard","meta":{"footnotes":"","_share_on_mastodon":"0"},"categories":[155],"tags":[29,214,30,5135,64793,13913,215,28482],"class_list":["post-1033302","post","type-post","status-publish","format-standard","has-post-thumbnail","category-unterhaltung","tag-deutschland","tag-entertainment","tag-germany","tag-heidi-klum","tag-lebensphase","tag-tom-kaulitz","tag-unterhaltung","tag-wechseljahre"],"share_on_mastodon":{"url":"https:\/\/pubeurope.com\/@de\/116606999202114508","error":""},"_links":{"self":[{"href":"https:\/\/www.europesays.com\/de\/wp-json\/wp\/v2\/posts\/1033302","targetHints":{"allow":["GET"]}}],"collection":[{"href":"https:\/\/www.europesays.com\/de\/wp-json\/wp\/v2\/posts"}],"about":[{"href":"https:\/\/www.europesays.com\/de\/wp-json\/wp\/v2\/types\/post"}],"author":[{"embeddable":true,"href":"https:\/\/www.europesays.com\/de\/wp-json\/wp\/v2\/users\/2"}],"replies":[{"embeddable":true,"href":"https:\/\/www.europesays.com\/de\/wp-json\/wp\/v2\/comments?post=1033302"}],"version-history":[{"count":0,"href":"https:\/\/www.europesays.com\/de\/wp-json\/wp\/v2\/posts\/1033302\/revisions"}],"wp:featuredmedia":[{"embeddable":true,"href":"https:\/\/www.europesays.com\/de\/wp-json\/wp\/v2\/media\/1033303"}],"wp:attachment":[{"href":"https:\/\/www.europesays.com\/de\/wp-json\/wp\/v2\/media?parent=1033302"}],"wp:term":[{"taxonomy":"category","embeddable":true,"href":"https:\/\/www.europesays.com\/de\/wp-json\/wp\/v2\/categories?post=1033302"},{"taxonomy":"post_tag","embeddable":true,"href":"https:\/\/www.europesays.com\/de\/wp-json\/wp\/v2\/tags?post=1033302"}],"curies":[{"name":"wp","href":"https:\/\/api.w.org\/{rel}","templated":true}]}}