{"id":103332,"date":"2025-05-11T23:38:15","date_gmt":"2025-05-11T23:38:15","guid":{"rendered":"https:\/\/www.europesays.com\/de\/103332\/"},"modified":"2025-05-11T23:38:15","modified_gmt":"2025-05-11T23:38:15","slug":"unfall-in-wittenau-autofahrer-verletzt-fussgaenger-und-fluechtet-regional","status":"publish","type":"post","link":"https:\/\/www.europesays.com\/de\/103332\/","title":{"rendered":"Unfall in Wittenau: Autofahrer verletzt Fu\u00dfg\u00e4nger und fl\u00fcchtet | Regional"},"content":{"rendered":"<p>Wittenau \u2013 <b>Ein Fu\u00dfg\u00e4nger wurde bei einem Unfall in Wittenau verletzt, als ein Autofahrer eine rote Ampel ignorierte.<\/b><\/p>\n<p>Nach den bisherigen Informationen \u00fcberquerte der 44-j\u00e4hrige Fu\u00dfg\u00e4nger die Potsdamer Stra\u00dfe bei gr\u00fcner Ampel. Ein unbekannter Fahrer missachtete die rote Ampel und erfasste den Mann. Der Fu\u00dfg\u00e4nger wurde auf die Motorhaube geschleudert und blieb verletzt auf der Stra\u00dfe liegen.<\/p>\n<p>Der Fahrer fl\u00fcchtete anschlie\u00dfend in Richtung Pohlstra\u00dfe. Rettungskr\u00e4fte brachten den verletzten Mann mit einer Kopfverletzung ins Krankenhaus. Es besteht keine Lebensgefahr. Die Ermittlungen werden von einem Fachkommissariat f\u00fcr Verkehrsdelikte gef\u00fchrt.<\/p>\n<p>Dieser Text basiert auf einer offiziellen Beh\u00f6rden-Information und wurde mit Hilfe von KI erstellt.<\/p>\n","protected":false},"excerpt":{"rendered":"Wittenau \u2013 Ein Fu\u00dfg\u00e4nger wurde bei einem Unfall in Wittenau verletzt, als ein Autofahrer eine rote Ampel ignorierte.&hellip;\n","protected":false},"author":2,"featured_media":75852,"comment_status":"","ping_status":"","sticky":false,"template":"","format":"standard","meta":{"footnotes":""},"categories":[1825],"tags":[296,29,30,2509,121,45,2624,1995],"class_list":{"0":"post-103332","1":"post","2":"type-post","3":"status-publish","4":"format-standard","5":"has-post-thumbnail","7":"category-berlin","8":"tag-berlin","9":"tag-deutschland","10":"tag-germany","11":"tag-ki-ots","12":"tag-polizei","13":"tag-texttospeech","14":"tag-unfaelle","15":"tag-verbrechen"},"share_on_mastodon":{"url":"https:\/\/pubeurope.com\/@de\/114491838024941941","error":""},"_links":{"self":[{"href":"https:\/\/www.europesays.com\/de\/wp-json\/wp\/v2\/posts\/103332","targetHints":{"allow":["GET"]}}],"collection":[{"href":"https:\/\/www.europesays.com\/de\/wp-json\/wp\/v2\/posts"}],"about":[{"href":"https:\/\/www.europesays.com\/de\/wp-json\/wp\/v2\/types\/post"}],"author":[{"embeddable":true,"href":"https:\/\/www.europesays.com\/de\/wp-json\/wp\/v2\/users\/2"}],"replies":[{"embeddable":true,"href":"https:\/\/www.europesays.com\/de\/wp-json\/wp\/v2\/comments?post=103332"}],"version-history":[{"count":0,"href":"https:\/\/www.europesays.com\/de\/wp-json\/wp\/v2\/posts\/103332\/revisions"}],"wp:featuredmedia":[{"embeddable":true,"href":"https:\/\/www.europesays.com\/de\/wp-json\/wp\/v2\/media\/75852"}],"wp:attachment":[{"href":"https:\/\/www.europesays.com\/de\/wp-json\/wp\/v2\/media?parent=103332"}],"wp:term":[{"taxonomy":"category","embeddable":true,"href":"https:\/\/www.europesays.com\/de\/wp-json\/wp\/v2\/categories?post=103332"},{"taxonomy":"post_tag","embeddable":true,"href":"https:\/\/www.europesays.com\/de\/wp-json\/wp\/v2\/tags?post=103332"}],"curies":[{"name":"wp","href":"https:\/\/api.w.org\/{rel}","templated":true}]}}