{"id":1033466,"date":"2026-05-20T14:22:22","date_gmt":"2026-05-20T14:22:22","guid":{"rendered":"https:\/\/www.europesays.com\/de\/1033466\/"},"modified":"2026-05-20T14:22:22","modified_gmt":"2026-05-20T14:22:22","slug":"buehler-beschaeftigte-protestieren-gegen-angekuendigten-stellenabbau","status":"publish","type":"post","link":"https:\/\/www.europesays.com\/de\/1033466\/","title":{"rendered":"B\u00fchler-Besch\u00e4ftigte protestieren gegen angek\u00fcndigten Stellenabbau"},"content":{"rendered":"<p>\n                Stand: 20.05.2026 15:50 Uhr<\/p>\n<p>                    <a href=\"https:\/\/www.europesays.com\/de\/wp-content\/uploads\/2026\/05\/buehler-104.webp\" class=\"zoomimage\" title=\"Bild vergr\u00f6\u00dfern\"><\/p>\n<p>        <img decoding=\"async\" src=\"https:\/\/www.europesays.com\/de\/wp-content\/uploads\/2026\/05\/buehler-104.webp\" alt=\"Besch\u00e4ftigte bei B\u00fchler demonstrieren gegen Sparpl\u00e4ne.\" title=\"Die Gewerkschaft IG Metall hat die Besch\u00e4ftigten in Braunschweig zum Protest aufgerufen. | NDR, Alysha Kraft\" class=\"responsive\" loading=\"lazy\"\/><\/p>\n<p>                    <\/a><\/p>\n<p>                    Die Gewerkschaft IG Metall hat die Besch\u00e4ftigten in Braunschweig zum Protest aufgerufen.<\/p>\n<p class=\"\">Etwa 180 Besch\u00e4ftigte des B\u00fchler-Werks in Braunschweig haben am Mittwoch gegen die Sparpl\u00e4ne des M\u00fchlenherstellers demonstriert. Nach dem Willen der Unternehmenszentrale in der Schweiz sollen in Braunschweig 200 von 400 Arbeitspl\u00e4tzen und somit die gesamte Produktion wegfallen. Das Unternehmen begr\u00fcndet das mit mangelnder Wirtschaftlichkeit. Was die Pl\u00e4ne f\u00fcr die Mitarbeitenden bedeuten, will die Gesch\u00e4ftsf\u00fchrung in Braunschweig in den kommenden Wochen kl\u00e4ren, so die Betriebsratsvorsitzende Felizitas Schimkowiak. F\u00fcr die Besch\u00e4ftigten war die Ank\u00fcndigung ein harter Schlag, wie viele von ihnen bei der Demonstration berichteten.<\/p>\n<p>        <img decoding=\"async\" src=\"https:\/\/www.europesays.com\/de\/wp-content\/uploads\/2026\/05\/metallbranche-102.webp\" alt=\"Ein Industriearbeiter kniet zwischen gro\u00dfen Metallrohren\" title=\"Ein Industriearbeiter kniet zwischen gro\u00dfen Metallrohren | picture alliance \/ Zoonar | Sunan Wongsa-nga\" class=\"responsive\" loading=\"lazy\"\/><\/p>\n<p>Eine Umfrage unter 500 nieders\u00e4chsischen Unternehmen hat alarmierende Zahlen ergeben. Aber es gibt auch Lichtblicke.<\/p>\n<p>Dieses Thema im Programm:<\/p>\n<p>                NDR 1 Niedersachsen | Regional Braunschweig | 20.05.2026 | 15:00 Uhr<\/p>\n","protected":false},"excerpt":{"rendered":"Stand: 20.05.2026 15:50 Uhr Die Gewerkschaft IG Metall hat die Besch\u00e4ftigten in Braunschweig zum Protest aufgerufen. Etwa 180&hellip;\n","protected":false},"author":2,"featured_media":1033467,"comment_status":"","ping_status":"","sticky":false,"template":"","format":"standard","meta":{"footnotes":"","_share_on_mastodon":"0"},"categories":[1850],"tags":[590,3584,6429,172602,3364,3387,29,16151,548,663,3934,30,13,744,3586,14,15,1411,4330,12,1074],"class_list":["post-1033466","post","type-post","status-publish","format-standard","has-post-thumbnail","category-braunschweig","tag-aktuell","tag-arbeitsplaetze","tag-braunschweig","tag-buehler","tag-de","tag-demo","tag-deutschland","tag-einsparungen","tag-eu","tag-europa","tag-europe","tag-germany","tag-headlines","tag-ig-metall","tag-jobs","tag-nachrichten","tag-news","tag-niedersachsen","tag-protest","tag-schlagzeilen","tag-sparen"],"share_on_mastodon":{"url":"https:\/\/pubeurope.com\/@de\/116607356129737527","error":""},"_links":{"self":[{"href":"https:\/\/www.europesays.com\/de\/wp-json\/wp\/v2\/posts\/1033466","targetHints":{"allow":["GET"]}}],"collection":[{"href":"https:\/\/www.europesays.com\/de\/wp-json\/wp\/v2\/posts"}],"about":[{"href":"https:\/\/www.europesays.com\/de\/wp-json\/wp\/v2\/types\/post"}],"author":[{"embeddable":true,"href":"https:\/\/www.europesays.com\/de\/wp-json\/wp\/v2\/users\/2"}],"replies":[{"embeddable":true,"href":"https:\/\/www.europesays.com\/de\/wp-json\/wp\/v2\/comments?post=1033466"}],"version-history":[{"count":0,"href":"https:\/\/www.europesays.com\/de\/wp-json\/wp\/v2\/posts\/1033466\/revisions"}],"wp:featuredmedia":[{"embeddable":true,"href":"https:\/\/www.europesays.com\/de\/wp-json\/wp\/v2\/media\/1033467"}],"wp:attachment":[{"href":"https:\/\/www.europesays.com\/de\/wp-json\/wp\/v2\/media?parent=1033466"}],"wp:term":[{"taxonomy":"category","embeddable":true,"href":"https:\/\/www.europesays.com\/de\/wp-json\/wp\/v2\/categories?post=1033466"},{"taxonomy":"post_tag","embeddable":true,"href":"https:\/\/www.europesays.com\/de\/wp-json\/wp\/v2\/tags?post=1033466"}],"curies":[{"name":"wp","href":"https:\/\/api.w.org\/{rel}","templated":true}]}}