{"id":1033485,"date":"2026-05-20T14:32:32","date_gmt":"2026-05-20T14:32:32","guid":{"rendered":"https:\/\/www.europesays.com\/de\/1033485\/"},"modified":"2026-05-20T14:32:32","modified_gmt":"2026-05-20T14:32:32","slug":"buerger-fordern-umdenken-beim-boellern-in-werther-das-sagt-die-stadt-dazu-haller-kreisblatt","status":"publish","type":"post","link":"https:\/\/www.europesays.com\/de\/1033485\/","title":{"rendered":"B\u00fcrger fordern Umdenken beim B\u00f6llern in Werther &#8211; das sagt die Stadt dazu | Haller Kreisblatt"},"content":{"rendered":"<p id=\"absatz1\"><b class=\"bold\">Werther<\/b>. \u201eBrauchen Sie noch mehr Unterschriften?\u201c, fragt Ulrike Schr\u00f6der die sieben Kommunalpolitiker im Anregungs- und Beschwerdeausschuss, nachdem sie ihnen zuvor 400 Unterschriften vorgelegt hat, die ihr Ansinnen unterst\u00fctzen. Die Kommunalpolitiker lachen, was wohl einem Nein als Antwort gleichkommt.<\/p>\n<p id=\"absatz2\" class=\"em_text\">Ulrike Schr\u00f6der erf\u00e4hrt nicht nur durch die Zahl der Unterschriften breite Unterst\u00fctzung: Zw\u00f6lf Gleichgesinnte haben sich ihr im Ratssaal angeschlossen. Die B\u00fcrger sind gegen\u00fcber den Ratsmitgliedern klar in der \u00dcberzahl. So verleihen sie der Petition erheblichen Nachdruck.<\/p>\n<p id=\"absatz3\" class=\"em_text\">Ihre Forderung ist deutlich: Schluss mit der unkontrollierten B\u00f6llerei an Silvester. Als Gr\u00fcnde bringen sie den Schutz der Tiere, der Umwelt und nicht zuletzt der Menschen vor. Dar\u00fcber w\u00fcnscht sich Ulrike Schr\u00f6der eine Debatte und sucht schon jetzt nach Alternativen zur bisherigen B\u00f6ller-Praxis.<\/p>\n<p>Wertheranerin appelliert an jeden B\u00fcrger und jede B\u00fcrgerin<\/p>\n<p class=\"em_text\">\u201eIch bin nicht f\u00fcr ein striktes B\u00f6llerverbot\u201c, stellt sie klar. In Abw\u00e4gung mit den Grundrechten scheint ein B\u00f6llerverbot ohnehin aussichtslos zu sein. Ulrike Schr\u00f6der schl\u00e4gt stattdessen ein zentrales, st\u00e4dtisches Feuerwerk oder eine Lasershow als Alternativen am Silvesterabend vor.<\/p>\n<p id=\"absatz5\"><b class=\"bold\">Lesen Sie auch: <\/b><a href=\"https:\/\/www.haller-kreisblatt.de\/region\/24249788_Bielefelder-18-bei-Silvesterunfall-getoetet-Jetzt-meldet-sich-die-Familie.html\" rel=\"nofollow noopener\" target=\"_blank\">T\u00f6dlicher Sil\u00adves\u00adter-Un\u00adfall in Bielefeld: Bewegendes Video der Schwester <\/a><\/p>\n<p id=\"absatz6\" class=\"em_text\">Die Folgen w\u00e4ren weniger L\u00e4rm, weniger M\u00fcll, weniger Feinstaub. Und nicht zuletzt weniger Kosten, weniger Verletzte und weniger Rettungseins\u00e4tze, z\u00e4hlt sie auf. \u201eLassen Sie uns die Silvesternacht \u00fcberdenken, und auf eine Art und Weise feiern, die f\u00fcr alle Menschen und Tiere respektvoll ist\u201c, sagt Ulrike Schr\u00f6der im Ratssaal und richtet den Appell zugleich an jeden B\u00fcrger und jede B\u00fcrgerin der Stadt.<\/p>\n<p id=\"absatz7\" class=\"em_text\">Die Mitglieder des Beschwerdeausschusses scheinen ihr Anliegen zwar zu bef\u00fcrworten, doch zur vorgeschlagenen Alternative sagt der B\u00fcrgermeister: \u201eF\u00fcr ein zentrales, st\u00e4dtisches Feuerwerk fehlen der Stadt die Kapazit\u00e4ten\u201c. Denn schlie\u00dflich findet nur drei Wochen vorher Werthers Weihnachtsmarkt statt, f\u00fcgt Veith Lemmen hinzu.<\/p>\n<p>Das sagt die Politik in Werther zum geforderten B\u00f6ller-Verbot<\/p>\n<p id=\"absatz8\" class=\"em_text\">Seit Februar dieses Jahres ist Ulrike Schr\u00f6der <a href=\"https:\/\/www.haller-kreisblatt.de\/lokal\/werther\/24311384_Zu-laut-zu-gefaehrlich-zu-viel-Muell-Wertheranerin-fordert-Boellerverbot.html\" rel=\"nofollow noopener\" target=\"_blank\">immer wieder von T\u00fcr zu T\u00fcr<\/a> gegangen. Kerstin Flachmann und Annette Wellinger haben sich an der Sammelarbeit beteiligt. \u201eDie meisten, mit denen ich spreche, sind daf\u00fcr\u201c, sagt Ulrike Schr\u00f6der. Best\u00e4tigung habe sie zum Beispiel von zwei \u00c4rzten erfahren, die ihr von immer wieder vollen Notaufnahmen durch Silvesterfeuerwerk erz\u00e4hlten. Dennoch sch\u00e4tzt Uwe Gehring von der UWG-Fraktion die kommunalpolitische Handhabe in der Frage als \u201eern\u00fcchternd\u201c ein. Das spiegelt sich auch im bundesweiten Trend auf kommunaler Ebene wider: Der reicht bislang nicht \u00fcber lokale Verbotszonen beispielsweise an Krankenh\u00e4usern oder Altenheimen hinaus. War das Unterschriftensammeln also vergebens?<\/p>\n<p>\n                Empfohlener redaktioneller Inhalt\n            <\/p>\n<p>\n                Wir bieten an dieser Stelle weitere externe Informationen zu dem Artikel an. Mit einem Klick k\u00f6nnen Sie sich diese anzeigen lassen und auch wieder ausblenden.\n            <\/p>\n<p>\n                Wenn Sie sich externe Inhalte anzeigen lassen, erkl\u00e4ren Sie sich damit<br \/>\n                ein-verstanden, dass personenbezogene Daten an Drittplattformen<br \/>\n                \u00fcbermittelt werden.\n            <\/p>\n<p>                Weitere Hinweise dazu finden Sie in unserer<br \/>\n                <a href=\"\" class=\"nw-text-red-0\">Datenschutzerkl\u00e4rung.<\/a><\/p>\n<p id=\"absatz10\" class=\"em_text\">Ulrike Schr\u00f6der ist mit ihrer Meinung nicht alleine. Organisationen wie die \u00c4rztekammer, die Umwelthilfe oder die Gewerkschaft der Polizei bef\u00fcrworten sogar ein fl\u00e4chendeckendes B\u00f6llerverbot. Der Weg bis dahin ist lang: Wer derzeit ein b\u00f6llerfreies Silvester in Deutschland feiern will, muss auf der Insel Amrum oder im Kurort Sankt Peter-Ording den Jahreswechsel verbringen.<\/p>\n<p id=\"absatz11\" class=\"em_text\">Ulrike Schr\u00f6der hat immerhin eines erreicht: Der Beschwerdeausschuss reicht ihr Anliegen weiter an den Haupt- und Finanzausschuss, der am 17. Juli tagt. Die Abstimmung dar\u00fcber verlief einstimmig. Im Haupt- und Finanzausschuss k\u00f6nnen die Kommunalpolitiker Ideen zur \u00c4nderung der B\u00f6llerei konkreter er\u00f6rtern. \u201eDas finde ich gut\u201c, sagt Ulrike Schr\u00f6der.<\/p>\n<p id=\"absatz12\"><b class=\"bold\">Aktuelle News bekommen Sie t\u00e4glich \u00fcber den <\/b><a data-auth=\"NotApplicable\" data-linkindex=\"0\" href=\"https:\/\/whatsapp.com\/channel\/0029VagU0FW1SWsxhmHz2v0q\" rel=\"noreferrer noopener nofollow\" target=\"_blank\" title=\"https:\/\/whatsapp.com\/channel\/0029VagU0FW1SWsxhmHz2v0q\"><b class=\"bold\">WhatsApp-Kanal des HK<\/b><\/a> <\/p>\n","protected":false},"excerpt":{"rendered":"Werther. \u201eBrauchen Sie noch mehr Unterschriften?\u201c, fragt Ulrike Schr\u00f6der die sieben Kommunalpolitiker im Anregungs- und Beschwerdeausschuss, nachdem sie&hellip;\n","protected":false},"author":2,"featured_media":1033486,"comment_status":"","ping_status":"","sticky":false,"template":"","format":"standard","meta":{"footnotes":"","_share_on_mastodon":"0"},"categories":[1841],"tags":[149967,1605,19184,102404,3364,29,30,1611,4280,2378,198610,16385,164252,22596,1613,1209,37207,60947,221698,6715],"class_list":["post-1033485","post","type-post","status-publish","format-standard","has-post-thumbnail","category-bielefeld","tag-beschwerdeausschuss","tag-bielefeld","tag-boeller","tag-cnt_top-artikel","tag-de","tag-deutschland","tag-germany","tag-label_informiere-mich","tag-label_l-120","tag-label_umfrage","tag-meta_artikelklasse_debatte","tag-meta_copyrights_hk_freier_mitarbeiter","tag-meta_eo_zusammenfassung","tag-meta_themen_politik","tag-meta_userneeds_informieremich","tag-nordrhein-westfalen","tag-silvesterabend","tag-silvesterfeuerwerk","tag-ulrike-schroeder","tag-werther"],"share_on_mastodon":{"url":"https:\/\/pubeurope.com\/@de\/116607395407989226","error":""},"_links":{"self":[{"href":"https:\/\/www.europesays.com\/de\/wp-json\/wp\/v2\/posts\/1033485","targetHints":{"allow":["GET"]}}],"collection":[{"href":"https:\/\/www.europesays.com\/de\/wp-json\/wp\/v2\/posts"}],"about":[{"href":"https:\/\/www.europesays.com\/de\/wp-json\/wp\/v2\/types\/post"}],"author":[{"embeddable":true,"href":"https:\/\/www.europesays.com\/de\/wp-json\/wp\/v2\/users\/2"}],"replies":[{"embeddable":true,"href":"https:\/\/www.europesays.com\/de\/wp-json\/wp\/v2\/comments?post=1033485"}],"version-history":[{"count":0,"href":"https:\/\/www.europesays.com\/de\/wp-json\/wp\/v2\/posts\/1033485\/revisions"}],"wp:featuredmedia":[{"embeddable":true,"href":"https:\/\/www.europesays.com\/de\/wp-json\/wp\/v2\/media\/1033486"}],"wp:attachment":[{"href":"https:\/\/www.europesays.com\/de\/wp-json\/wp\/v2\/media?parent=1033485"}],"wp:term":[{"taxonomy":"category","embeddable":true,"href":"https:\/\/www.europesays.com\/de\/wp-json\/wp\/v2\/categories?post=1033485"},{"taxonomy":"post_tag","embeddable":true,"href":"https:\/\/www.europesays.com\/de\/wp-json\/wp\/v2\/tags?post=1033485"}],"curies":[{"name":"wp","href":"https:\/\/api.w.org\/{rel}","templated":true}]}}