{"id":1033659,"date":"2026-05-20T16:11:18","date_gmt":"2026-05-20T16:11:18","guid":{"rendered":"https:\/\/www.europesays.com\/de\/1033659\/"},"modified":"2026-05-20T16:11:18","modified_gmt":"2026-05-20T16:11:18","slug":"europa-league-freiburg-fans-vor-finale-gegen-aston-villa-sauer","status":"publish","type":"post","link":"https:\/\/www.europesays.com\/de\/1033659\/","title":{"rendered":"Europa League: Freiburg-Fans vor Finale gegen Aston Villa sauer"},"content":{"rendered":"<p>&#8222;Fadenscheinige Sicherheitsbedenken&#8220; <\/p>\n<p>Vor Europa-League-Finale: Freiburg-Fans sind sauer<\/p>\n<p>20.05.2026 &#8211; 18:03 UhrLesedauer: 1 Min.<\/p>\n<p><a href=\"#focus-0\" class=\"transition-colors duration-200 block text-current relative\" data-sctrack=\"FocusGalleryImage.Reference\"><img fetchpriority=\"high\" data-testid=\"Opener.Image\"   loading=\"eager\" src=\"https:\/\/www.europesays.com\/de\/wp-content\/uploads\/2026\/05\/fans-des-sc-freiburg-symbolbild-sie-hatten-sich-das-finale-der-europa-league-anders-vorgestellt.jpg\" alt=\"Fans des SC Freiburg (Symbolbild): Sie hatten sich das Finale der Europa League anders vorgestellt.\" title=\"Fans des SC Freiburg (Symbolbild): Sie hatten sich das Finale der Europa League anders vorgestellt.\" width=\"800\" height=\"450\" class=\"bg-[url:var(--lqipURL)] bg-cover bg-center flex h-full w-full max-w-full\" style=\"--lqipURL:url('https:\/\/images.t-online.de\/2026\/05\/8CvsosA3XDeS\/0x150:800x450\/fit-in\/150x0\/filters:blur(25)\/fans-des-sc-freiburg-symbolbild-sie-hatten-sich-das-finale-der-europa-league-anders-vorgestellt.jpg')\" decoding=\"async\"\/><img loading=\"lazy\" src=\"https:\/\/www.t-online.de\/s\/paper\/_next\/static\/media\/zoom-in.f7dae02f.svg\" alt=\"Vergr\u00f6\u00dfern des Bildes\" title=\"Vergr\u00f6\u00dfern des Bildes\" class=\"block h-[calc(var(--height)_\/_16_*_1rem)] w-[calc(var(--width)_\/_16_*_1rem)] max-w-none absolute bottom-8 right-8 rounded-4 bg-snow p-8\" style=\"--width:32;--height:32\" decoding=\"async\"\/><\/a><\/p>\n<p>Fans des SC Freiburg (Symbolbild): Sie hatten sich das Finale der Europa League anders vorgestellt. (Quelle: Tom Weller\/dpa)<\/p>\n<p class=\"font-bold text-18 leading-17 user-text-lg:text-22 user-text-xl:text-24\">F\u00fcr das historische Finale in der Europa League hatten die Fans des SC Freiburg eine gro\u00dfe Choreografie geplant. Diese m\u00fcssen sie aber nun wohl \u00e4ndern.<\/p>\n<p class=\"text-18 leading-17 user-text-lg:text-22 user-text-xl:text-24\">Die organisierte Fanszene des <a class=\"transition-colors duration-200 cursor-pointer text-inherit no-underline text-salemsfur md:hover:text-magenta md:hover:border-magenta md:focus:text-magenta border-current border-b border-solid break-words\" data-tracking=\"{&quot;action&quot;:&quot;click&quot;,&quot;category&quot;:&quot;intextLink&quot;,&quot;label&quot;:&quot;\/themen\/sc-freiburg\/&quot;}\" href=\"https:\/\/www.t-online.de\/themen\/sc-freiburg\/\" data-sctrack=\"BodyAnchor\" rel=\"nofollow noopener\" target=\"_blank\">SC Freiburg<\/a> muss ihre geplante Choreografie f\u00fcr das Europa-League-Endspiel in Istanbul aufgrund beh\u00f6rdlicher Entscheidungen anpassen. In einem Instagram-Beitrag war von &#8222;fadenscheinigen Sicherheitsbedenken&#8220; und einer &#8222;st\u00e4ndig wechselnden Argumentation&#8220; die Rede.<\/p>\n<p class=\"text-18 leading-17 user-text-lg:text-22 user-text-xl:text-24\">Die Rahmenbedingungen f\u00fcr das Duell mit <a class=\"transition-colors duration-200 cursor-pointer text-inherit no-underline text-salemsfur md:hover:text-magenta md:hover:border-magenta md:focus:text-magenta border-current border-b border-solid break-words\" data-tracking=\"{&quot;action&quot;:&quot;click&quot;,&quot;category&quot;:&quot;intextLink&quot;,&quot;label&quot;:&quot;\/themen\/aston-villa\/&quot;}\" href=\"https:\/\/www.t-online.de\/themen\/aston-villa\/\" data-sctrack=\"BodyAnchor\" rel=\"nofollow noopener\" target=\"_blank\">Aston Villa<\/a> heute Abend (21.00 Uhr im <a class=\"transition-colors duration-200 cursor-pointer text-inherit no-underline text-salemsfur md:hover:text-magenta md:hover:border-magenta md:focus:text-magenta border-current border-b border-solid break-words\" data-tracking=\"{&quot;action&quot;:&quot;click&quot;,&quot;category&quot;:&quot;intextLink&quot;,&quot;label&quot;:&quot;\/sport\/live-ticker\/heute\/&quot;}\" href=\"https:\/\/www.t-online.de\/sport\/live-ticker\/heute\/\" data-sctrack=\"BodyAnchor\" rel=\"nofollow noopener\" target=\"_blank\">Liveticker<\/a> bei t-online) seien aus Sicht des Anhangs der Badener &#8222;weit entfernt von unseren Vorstellungen einer bunten und lautstarken Fankultur&#8220;, hie\u00df es weiter. Ins Detail gingen die Anh\u00e4nger in ihrem Statement nicht.<\/p>\n<p class=\"text-18 leading-17 user-text-lg:text-22 user-text-xl:text-24\">Grund f\u00fcr die Untersagung sind offenbar die VIP-Pl\u00e4tze im Mittelrang, auf denen bei der urspr\u00fcnglich geplanten Variante die Sicht eingeschr\u00e4nkt sein soll. Beim Gegner, der Heimrecht genie\u00dft und dessen Fans auf der n\u00f6rdlichen Hintertortrib\u00fcne sitzen und stehen werden, gibt es diese VIP-Pl\u00e4tze aufgrund der Architektur des Stadions nicht.<\/p>\n","protected":false},"excerpt":{"rendered":"&#8222;Fadenscheinige Sicherheitsbedenken&#8220; Vor Europa-League-Finale: Freiburg-Fans sind sauer 20.05.2026 &#8211; 18:03 UhrLesedauer: 1 Min. Fans des SC Freiburg (Symbolbild):&hellip;\n","protected":false},"author":2,"featured_media":1033660,"comment_status":"","ping_status":"","sticky":false,"template":"","format":"standard","meta":{"footnotes":"","_share_on_mastodon":"0"},"categories":[3933],"tags":[331,332,16105,2362,548,663,5855,59277,158,3934,3935,13,152,145,14,15,298,12,11475],"class_list":["post-1033659","post","type-post","status-publish","format-standard","has-post-thumbnail","category-eu","tag-aktuelle-nachrichten","tag-aktuelle-news","tag-choreografie","tag-endspiel","tag-eu","tag-europa","tag-europa-league","tag-europa-league-final","tag-europaeische-union","tag-europe","tag-european-union","tag-headlines","tag-instagram","tag-istanbul","tag-nachrichten","tag-news","tag-sc-freiburg","tag-schlagzeilen","tag-sicherheitsbedenken"],"share_on_mastodon":{"url":"https:\/\/pubeurope.com\/@de\/116607785789868989","error":""},"_links":{"self":[{"href":"https:\/\/www.europesays.com\/de\/wp-json\/wp\/v2\/posts\/1033659","targetHints":{"allow":["GET"]}}],"collection":[{"href":"https:\/\/www.europesays.com\/de\/wp-json\/wp\/v2\/posts"}],"about":[{"href":"https:\/\/www.europesays.com\/de\/wp-json\/wp\/v2\/types\/post"}],"author":[{"embeddable":true,"href":"https:\/\/www.europesays.com\/de\/wp-json\/wp\/v2\/users\/2"}],"replies":[{"embeddable":true,"href":"https:\/\/www.europesays.com\/de\/wp-json\/wp\/v2\/comments?post=1033659"}],"version-history":[{"count":0,"href":"https:\/\/www.europesays.com\/de\/wp-json\/wp\/v2\/posts\/1033659\/revisions"}],"wp:featuredmedia":[{"embeddable":true,"href":"https:\/\/www.europesays.com\/de\/wp-json\/wp\/v2\/media\/1033660"}],"wp:attachment":[{"href":"https:\/\/www.europesays.com\/de\/wp-json\/wp\/v2\/media?parent=1033659"}],"wp:term":[{"taxonomy":"category","embeddable":true,"href":"https:\/\/www.europesays.com\/de\/wp-json\/wp\/v2\/categories?post=1033659"},{"taxonomy":"post_tag","embeddable":true,"href":"https:\/\/www.europesays.com\/de\/wp-json\/wp\/v2\/tags?post=1033659"}],"curies":[{"name":"wp","href":"https:\/\/api.w.org\/{rel}","templated":true}]}}