{"id":1033700,"date":"2026-05-20T16:32:20","date_gmt":"2026-05-20T16:32:20","guid":{"rendered":"https:\/\/www.europesays.com\/de\/1033700\/"},"modified":"2026-05-20T16:32:20","modified_gmt":"2026-05-20T16:32:20","slug":"mittwoch-der-20-mai-2026-conference-league-party-sportroute-erweitert-tatortreiniger-im-speisesaal-%c2%b7-leipziger-zeitung","status":"publish","type":"post","link":"https:\/\/www.europesays.com\/de\/1033700\/","title":{"rendered":"Mittwoch, der 20. Mai 2026: Conference League-Party, Sportroute erweitert, Tatortreiniger im Speisesaal \u00b7 Leipziger Zeitung"},"content":{"rendered":"<p>Eine dreit\u00e4gige Fu\u00dfball-Party wird ab kommendem Montag in Leipzig gefeiert. Das Fan-Festival auf dem Marktplatz stimmt auf das UEFA Conference League-Finale ein. Hier gibt\u2019s die Details. Eine Party schmei\u00dft auch die s\u00e4chsische Polizei \u2013 Tatortreinigung im Speisesaal inklusive. Und die Sportroute der Stadt hat eine neue Station bekommen. Diese widmet sich der historischen Bedeutung Leipzigs f\u00fcr die Sportwissenschaft. Die LZ fasst zusammen, was am Mittwoch, dem 20. Mai 2026, in Leipzig und dar\u00fcber hinaus wichtig war.<\/p>\n<p>Conference League: Fan-Festival und Legenden-Kick auf Marktplatz<\/p>\n<p>Vor dem Finale der UEFA Conference League zwischen dem englischen Club Crystal Palace und dem spanischen Erstligisten Rayo Vallecano am 27. Mai im Stadion Leipzig \u2013 Anpfiff ist 21 Uhr \u2013 l\u00e4dt die Host City Leipzig zu einem <a href=\"https:\/\/www.leipzig.de\/newsarchiv\/news\/dreitaegiges-fan-festival-zum-finale-der-uefa-conference-league-in-leipzig-programmhighlights-fan-meeting-points-sicherheit-und-mobilitaet\" target=\"_blank\" rel=\"noopener nofollow\">dreit\u00e4gigen Fan-Festival auf dem Markt<\/a> vor dem Alten Rathaus ein. Die Veranstaltung l\u00e4uft vom 25. bis 27. Mai bei freiem Eintritt. Heute haben die Veranstalter weitere Details dazu bekanntgegeben.<img decoding=\"async\" src=\"https:\/\/www.europesays.com\/de\/wp-content\/uploads\/2026\/05\/bfe42aebbd094dcb8e7727ea64eab314.gif\" alt=\"\" width=\"https:\/\/www.l-iz.de\/der-tag\/2026\/05\/1\" height=\"https:\/\/www.l-iz.de\/der-tag\/2026\/05\/1\"\/><\/p>\n<p>Zum Auftakt des Festivals ist am 25. Mai ein Talk mit dem UEFA-Conference-League-Botschafter Ren\u00e9 Adler, Vertretern der Stadt Leipzig, von RB Leipzig und des Deutschen Fu\u00dfball-Bundes geplant. Das Rahmenprogramm umfasst zudem Auftritte verschiedener Musikacts und Kinderbands. Neben dem B\u00fchnenprogramm stehen Fu\u00dfballangebote wie Challenges, Sub-Soccer und ein \u201eFootball Cage\u201c der UEFA im Mittelpunkt. Auf dem Kleinfeld wird unter anderem der Ligapokal der inklusiven Leipziger Fu\u00dfballliga \u201eLiga f\u00fcr Alle\u201c ausgespielt. F\u00fcr den Finaltag ist au\u00dferdem ein \u201eLegends Match\u201c mit Jugendlichen und ehemaligen Fu\u00dfballprofis angek\u00fcndigt, darunter Gaizka Mendieta (Spanien), Ren\u00e9 Adler und Steffen Freund.<\/p>\n<p>Weitere Programmpunkte sind ein CPR-Training der UEFA zur Herz-Lungen-Wiederbelebung, DJ-Auftritte sowie ein offizieller Merchandising-Shop. Die Troph\u00e4e der UEFA Conference League wird bereits ab 25. Mai auf dem Markt pr\u00e4sentiert und kann dort fotografiert werden.<\/p>\n<p><a href=\"https:\/\/www.l-iz.de\/wp-content\/uploads\/2026\/05\/Pokal-Conference_League-Leipzig-Foto_Jan_Kaefer-00003013.jpg\" rel=\"nofollow noopener\" target=\"_blank\"><img loading=\"lazy\" decoding=\"async\" class=\"size-large wp-image-657847\" src=\"https:\/\/www.europesays.com\/de\/wp-content\/uploads\/2026\/05\/Pokal-Conference_League-Leipzig-Foto_Jan_Kaefer-00003013-698x465.jpg\" alt=\"\" width=\"698\" height=\"465\"  \/><\/a>Die Troph\u00e4e der UEFA Conference League wird auf dem Leipziger Marktplatz zu bewundern sein. Foto: Jan Kaefer<\/p>\n<p>Das Fan-Festival ist t\u00e4glich ge\u00f6ffnet, am 25. Mai von 10 bis 20 Uhr, am 26. Mai von 10 bis 22 Uhr und am 27. Mai von 10 bis 21 Uhr. Die maximale Kapazit\u00e4t der Veranstaltungsfl\u00e4che betr\u00e4gt 4.000 Besucher.<\/p>\n<p>Am Finaltag richten die Organisatoren zus\u00e4tzlich zwei Fan Meeting Points ein. Anh\u00e4nger von Crystal Palace treffen sich ab 12 Uhr auf dem Wilhelm-Leuschner-Platz, Fans von Rayo Vallecano auf dem Richard-Wagner-Platz. Von dort startet am fr\u00fchen Abend ein Fan Walk der spanischen Anh\u00e4nger zum Stadion. F\u00fcr das Finale im Stadion Leipzig stehen rund 39.700 Pl\u00e4tze zur Verf\u00fcgung, \u00fcber die UEFA-Resale-Plattform sind noch Restkarten erh\u00e4ltlich.<\/p>\n<p>Die Stadt empfiehlt wegen umfangreicher Sperrungen die Anreise mit \u00f6ffentlichen Verkehrsmitteln und die Nutzung von Park-and-Ride-Angeboten. Besonders rund um das Stadion gelten am 27. Mai umfangreiche Verkehrseinschr\u00e4nkungen. Auch in der Innenstadt kommt es zu Sperrungen und Zufahrtsbeschr\u00e4nkungen. Zus\u00e4tzliche Sicherheitsma\u00dfnahmen umfassen Kontrollen durch Polizei, Ordnungsamt und Sicherheitsdienste. Verboten sind unter anderem Waffen, Feuerwerksk\u00f6rper und gef\u00e4hrliche Gegenst\u00e4nde. Tiere sind mit Ausnahme von Assistenzhunden nicht zugelassen. W\u00e4hrend des Auf- und Abbaus kommt es zudem bereits ab dem 20. Mai zu Teilsperrungen auf dem Markt.<\/p>\n<p>Sportroute Leipzig: Neue Tafel w\u00fcrdigt Rolle f\u00fcr Sportwissenschaft<\/p>\n<p>An der ehemaligen Deutschen Hochschule f\u00fcr K\u00f6rperkultur (DHfK) in der Leipziger Jahnallee 59 erinnert seit heute eine neue <a href=\"https:\/\/www.stadtgeschichtliches-museum-leipzig.de\/sportroute-leipzig\/\" target=\"_blank\" rel=\"noopener nofollow\">Station der \u201eSportroute Leipzig\u201c<\/a> an die Bedeutung der Stadt f\u00fcr die Entwicklung der Sportwissenschaft in Deutschland. Die Infotafel verweist auf die traditionsreiche Geschichte der akademischen Sportlehre und die heutige Bedeutung Leipzigs als Standort praxisorientierter Sportwissenschaft.<\/p>\n<p>Bereits seit dem 19. Jahrhundert engagierten sich Pers\u00f6nlichkeiten an der Universit\u00e4t Leipzig f\u00fcr eine akademische Ausbildung von Turnlehrern. Als wichtiger Wegbereiter gilt Hermann Kuhr, dessen Einsatz 1920 zur Einrichtung eines Gymnastischen Instituts an der Universit\u00e4t f\u00fchrte. F\u00fcnf Jahre sp\u00e4ter wurde Hermann Altrock auf eine Professur f\u00fcr P\u00e4dagogik der Leibes\u00fcbungen berufen. Damit entstand 1925 an der Universit\u00e4t Leipzig die erste sportwissenschaftliche Professur Deutschlands.<\/p>\n<p>1950 wurde die DHfK als zentrale Lehr- und Forschungsst\u00e4tte f\u00fcr K\u00f6rperkultur und Sport in der DDR gegr\u00fcndet. In den folgenden Jahrzehnten erlangte die Einrichtung internationale Anerkennung f\u00fcr ihre wissenschaftlichen Leistungen. 1969 entstand das Forschungsinstitut f\u00fcr K\u00f6rperkultur und Sport (FKS), das den DDR-Leistungssport unterst\u00fctzen sollte. Dort wurde unter staatlicher F\u00f6rderung und Geheimhaltung auch Dopingforschung betrieben. Aus dem FKS ging nach der deutschen Wiedervereinigung das 1992 gegr\u00fcndete Institut f\u00fcr Angewandte Trainingswissenschaft (IAT) hervor.<\/p>\n<p>Die DHfK wurde 1990 abgewickelt. Drei Jahre sp\u00e4ter gr\u00fcndete die Universit\u00e4t Leipzig ihre Sportwissenschaftliche Fakult\u00e4t. Gemeinsam mit dem IAT bildet sie bis heute einen Schwerpunkt praxisbezogener Sportwissenschaft in Leipzig.<\/p>\n<p>Die vom Sportmuseum Leipzig und dem Kulturamt entwickelte \u201eSportroute Leipzig\u201c informiert ausgew\u00e4hlten Orten \u00fcber die rund 200-j\u00e4hrige Sportgeschichte der Stadt. Bislang wurden zehn Stationen mit Infotafeln er\u00f6ffnet, weitere sollen in den kommenden Jahren folgen.<\/p>\n<p><a href=\"https:\/\/www.l-iz.de\/wp-content\/uploads\/2026\/05\/Sportroute_Leipzig_Stele-Sportwissenschaft-Foto_SGM.jpg\" rel=\"nofollow noopener\" target=\"_blank\"><img loading=\"lazy\" decoding=\"async\" class=\"size-large wp-image-657818\" src=\"https:\/\/www.europesays.com\/de\/wp-content\/uploads\/2026\/05\/Sportroute_Leipzig_Stele-Sportwissenschaft-Foto_SGM-698x465.jpg\" alt=\"\" width=\"698\" height=\"465\"  \/><\/a>(v.l.) Aiko Wulff (Sportmuseum), Dr. Petra Tzschoppe (Uni-Sportwissenschaft, F\u00f6rderverein S\u00e4chs. Sportmuseum), Wissenschaftsminister Sebastian Gemkow, Dr. Anselm Hartinger (Direktor Stadtgeschichtliches Museum), Wolf-Dietrich Rost (Sportwissenschaftliche Gesellschaft Sachsen, MdL) vor der neuen Sportroute-Tafel. Foto: Stadtgeschichtliches Museum Leipzig<br \/>\nTag der Polizei Sachsen: Tatortreiniger im Speisesaal<\/p>\n<p>Die Polizei Sachsen l\u00e4dt am <a href=\"https:\/\/www.polizei.sachsen.de\/de\/tag-der-polizei-2026-38783.html\" target=\"_blank\" rel=\"noopener nofollow\">30. Mai 2026 zum \u201eTag der Polizei Sachsen\u201c<\/a> nach Leipzig ein. Die Veranstaltung auf dem Gel\u00e4nde an der D\u00fcbener Landstra\u00dfe 4 soll Besucherinnen und Besuchern zwischen 10 und 17 Uhr Einblicke in die Arbeit der s\u00e4chsischen Polizei geben. Der Eintritt ist kostenfrei.<\/p>\n<p>Im Mittelpunkt des Programms stehen Vorf\u00fchrungen verschiedener Polizeieinheiten. Dabei ist die Reiterstaffel ebenso pr\u00e4sent wie die Diensthundeschule oder auch das H\u00f6heninterventionsteam. Au\u00dferdem wird gleich viermal der \u201eWorkshop Tatortreiniger\u201c angeboten. Und das ausgerechnet im Speisesaal! Bleibt nur zu hoffen, dass an dem Tag nicht auch noch \u201eTote Oma\u201c auf der Speisekarte steht.<\/p>\n<p>Erg\u00e4nzt wird das Programm durch eine Technikschau, bei der Fahrzeuge und Ausr\u00fcstung der Polizei vorgestellt werden \u2013 Wasserwerfer, Hubschrauber und Co. sind am Start. Genauso wie das Polizeiorchester Sachsen, Kinderpolizist POLDI und sogar eine Modenschau. Dar\u00fcber hinaus informiert die Polizei \u00fcber Ausbildungs- und Studienm\u00f6glichkeiten im Freistaat.<\/p>\n<p>F\u00fcr die Anreise empfiehlt die Polizei die Nutzung \u00f6ffentlicher Verkehrsmittel oder des Park-and-Ride-Parkplatzes an der Leipziger Messe. Das Veranstaltungsgel\u00e4nde ist mit der Stra\u00dfenbahnlinie 16 sowie mehreren Bus- und S-Bahn-Linien erreichbar. Fahrradstellpl\u00e4tze sollen vor dem Gel\u00e4nde zur Verf\u00fcgung stehen. Parkm\u00f6glichkeiten f\u00fcr Autos gibt es direkt auf dem Veranstaltungsgel\u00e4nde nicht.<\/p>\n<p><strong>Wor\u00fcber die LZ heute berichtet hat:<\/strong><\/p>\n<p><a href=\"https:\/\/www.l-iz.de\/leben\/faelle-unfaelle\/2026\/05\/mehrere-straftaten-an-einem-morgen-auf-eisenbahnstrasse-22-jaehriger-vor-gericht-657782\" target=\"_blank\" rel=\"noopener nofollow\">Mehrere Straftaten an einem Morgen auf Eisenbahnstra\u00dfe: 22-J\u00e4hriger vor Gericht<\/a><\/p>\n<p><a href=\"https:\/\/www.l-iz.de\/top-posts\/2026\/05\/berufliche-aus-und-weiterbildung-in-zeiten-von-ki-und-social-media-gespraech-mit-thomy-roecklin-von-distart-657776\" target=\"_blank\" rel=\"noopener nofollow\">Berufliche Aus- und Weiterbildung in Zeiten von KI und Social Media: Gespr\u00e4ch mit Thomy Roecklin von Distart<\/a><\/p>\n<p><a href=\"https:\/\/www.l-iz.de\/der-tag\/2026\/05\/hallo-leipzig-so-startet-mittwoch-der-20-mai-2026-657663\" target=\"_blank\" rel=\"noopener nofollow\">Hallo Leipzig: So startet Mittwoch, der 20. Mai 2026<\/a><\/p>\n<p><a href=\"https:\/\/www.l-iz.de\/top-posts\/2026\/05\/leipzig-gruenau-wird-50-und-der-platz-vor-dem-pep-wird-aufgehuebscht-657648\" target=\"_blank\" rel=\"noopener nofollow\">Leipzig-Gr\u00fcnau wird 50 und der Platz vor dem PEP wird aufgeh\u00fcbscht<\/a><\/p>\n<p><a href=\"https:\/\/www.l-iz.de\/politik\/region\/2026\/05\/afd-sachsen-anhalt-studentische-mitbestimmung-657767\" target=\"_blank\" rel=\"noopener nofollow\">AfD in Sachsen-Anhalt: Angriff auf die studentische Mitbestimmung<\/a><\/p>\n<p><a href=\"https:\/\/www.l-iz.de\/wirtschaft\/mobilitaet\/2026\/05\/strassenbahn-bus-33-wave-gotik-treffen-657733\" target=\"_blank\" rel=\"noopener nofollow\">Mit Stra\u00dfenbahn und Bus zum 33. Wave-Gotik-Treffen<\/a><\/p>\n<p><a href=\"https:\/\/www.l-iz.de\/bildung\/buecher\/2026\/05\/der-ratselhafte-verwandte-aus-der-eiszeit-dusty-diggers-neandertaler-entdecken-657596\" target=\"_blank\" rel=\"noopener nofollow\">Der r\u00e4tselhafte Verwandte aus der Eiszeit: Mit den Dusty Diggers den Neandertaler entdecken<\/a><\/p>\n<p><strong>Was sonst noch wichtig war:<\/strong><\/p>\n<p>Der fr\u00fchere NPD-Funktion\u00e4r und <a href=\"https:\/\/www.tagesschau.de\/inland\/wohlleben-nsu-haftentlassung-100.html\" target=\"_blank\" rel=\"noopener nofollow\">NSU-Unterst\u00fctzer Ralf Wohlleben<\/a> ist heute nach zehnj\u00e4hriger verb\u00fc\u00dfter Haft aus dem Hochsicherheitsgef\u00e4ngnis in Burg (Sachsen-Anhalt) entlassen worden. Er war wegen Beihilfe zum Mord in neun F\u00e4llen verurteilt worden.<\/p>\n<p>In M\u00fcnchen hat die Bundesstaatsanwaltschaft ein deutsches Ehepaar mit chinesischen Wurzeln verhaften lassen. Ihnen <a href=\"https:\/\/www.br.de\/nachrichten\/bayern\/zwei-mutmassliche-chinesische-spione-in-muenchen-festgenommen,VK9Tvbd\" target=\"_blank\" rel=\"noopener nofollow\">wird Spionage f\u00fcr China vorgeworfen<\/a>, sie h\u00e4tten es auf milit\u00e4risch nutzbare wissenschaftliche Informationen abgesehen.<\/p>\n<p>Chinas Staats- und Parteichef Xi Jinping hat in Peking den russischen Pr\u00e4sidenten Wladimir <a href=\"https:\/\/www.tagesschau.de\/ausland\/asien\/putin-bei-xi-100.html\" target=\"_blank\" rel=\"noopener nofollow\">Putin mit milit\u00e4rischen Ehren empfangen<\/a>. Beide wollen die strategische Zusammenarbeit ihrer L\u00e4nder vorantreiben. Unter anderem sollen zirka 40 bilateralen Vereinbarungen unterschrieben werden.<\/p>\n<p>Ungarns Ministerpr\u00e4sident Peter Magyar hat im neuen Amt <a href=\"https:\/\/www.n-tv.de\/politik\/Ungarns-neuer-Regierungschef-kann-von-Polen-lernen-id30840216.html\" target=\"_blank\" rel=\"noopener nofollow\">seine erste Auslandsreise angetreten<\/a>. Die Wahl fiel dabei auf Polen, wo er Regierungschef Donald Tusk und Pr\u00e4sident Karol Nawrocki trifft. Dabei wird es auch um einen Kurswechsel Ungarns bez\u00fcglich der bisherigen Ukraine-feindlichen Haltung gehen.<\/p>\n","protected":false},"excerpt":{"rendered":"Eine dreit\u00e4gige Fu\u00dfball-Party wird ab kommendem Montag in Leipzig gefeiert. Das Fan-Festival auf dem Marktplatz stimmt auf das&hellip;\n","protected":false},"author":2,"featured_media":1033701,"comment_status":"","ping_status":"","sticky":false,"template":"","format":"standard","meta":{"footnotes":"","_share_on_mastodon":"0"},"categories":[1832],"tags":[11733,3364,2409,29,26501,30,71,121,859,13710,20240,14712],"class_list":["post-1033700","post","type-post","status-publish","format-standard","has-post-thumbnail","category-leipzig","tag-conference-league","tag-de","tag-der-tag","tag-deutschland","tag-fanfest","tag-germany","tag-leipzig","tag-polizei","tag-sachsen","tag-sportroute-leipzig","tag-sportwissenschaft","tag-stadtgeschichtliches-museum"],"share_on_mastodon":{"url":"https:\/\/pubeurope.com\/@de\/116607868466190959","error":""},"_links":{"self":[{"href":"https:\/\/www.europesays.com\/de\/wp-json\/wp\/v2\/posts\/1033700","targetHints":{"allow":["GET"]}}],"collection":[{"href":"https:\/\/www.europesays.com\/de\/wp-json\/wp\/v2\/posts"}],"about":[{"href":"https:\/\/www.europesays.com\/de\/wp-json\/wp\/v2\/types\/post"}],"author":[{"embeddable":true,"href":"https:\/\/www.europesays.com\/de\/wp-json\/wp\/v2\/users\/2"}],"replies":[{"embeddable":true,"href":"https:\/\/www.europesays.com\/de\/wp-json\/wp\/v2\/comments?post=1033700"}],"version-history":[{"count":0,"href":"https:\/\/www.europesays.com\/de\/wp-json\/wp\/v2\/posts\/1033700\/revisions"}],"wp:featuredmedia":[{"embeddable":true,"href":"https:\/\/www.europesays.com\/de\/wp-json\/wp\/v2\/media\/1033701"}],"wp:attachment":[{"href":"https:\/\/www.europesays.com\/de\/wp-json\/wp\/v2\/media?parent=1033700"}],"wp:term":[{"taxonomy":"category","embeddable":true,"href":"https:\/\/www.europesays.com\/de\/wp-json\/wp\/v2\/categories?post=1033700"},{"taxonomy":"post_tag","embeddable":true,"href":"https:\/\/www.europesays.com\/de\/wp-json\/wp\/v2\/tags?post=1033700"}],"curies":[{"name":"wp","href":"https:\/\/api.w.org\/{rel}","templated":true}]}}