{"id":1033706,"date":"2026-05-20T16:35:21","date_gmt":"2026-05-20T16:35:21","guid":{"rendered":"https:\/\/www.europesays.com\/de\/1033706\/"},"modified":"2026-05-20T16:35:21","modified_gmt":"2026-05-20T16:35:21","slug":"duale-hochschule-staerkt-standort-schwenningen-mit-neuem-gemeinsamem-campus","status":"publish","type":"post","link":"https:\/\/www.europesays.com\/de\/1033706\/","title":{"rendered":"Duale Hochschule st\u00e4rkt Standort Schwenningen mit neuem gemeinsamem Campus"},"content":{"rendered":"<p class=\"mb-6 text-xs md:text-m lg:text-l font-serif group-[.font-sans]:font-sans \">\n    F\u00fcr die Duale Hochschule Baden-W\u00fcrttemberg (DHBW) beginnt in Schwenningen mit dem Projekt One Campus eine neue \u00c4ra. Nach der Sanierung des sogenannten C-Geb\u00e4udes direkt an der Friedrich-Ebert-Stra\u00dfe konnten die beiden Fakult\u00e4ten Sozialwesen und Wirtschaft an einem gemeinsamen Standort zusammengef\u00fchrt werden. Zuvor war die Fakult\u00e4t Sozialwesen \u00fcber viele Jahre hinweg in der Schramberger Stra\u00dfe untergebracht.\n  <\/p>\n","protected":false},"excerpt":{"rendered":"F\u00fcr die Duale Hochschule Baden-W\u00fcrttemberg (DHBW) beginnt in Schwenningen mit dem Projekt One Campus eine neue \u00c4ra. Nach&hellip;\n","protected":false},"author":2,"featured_media":1033707,"comment_status":"","ping_status":"","sticky":false,"template":"","format":"standard","meta":{"footnotes":"","_share_on_mastodon":"0"},"categories":[1830],"tags":[1634,3364,29,92044,66388,11471,30,1256,221745,221746,126917,221744,1441,26853,55],"class_list":["post-1033706","post","type-post","status-publish","format-standard","has-post-thumbnail","category-stuttgart","tag-baden-wuerttemberg","tag-de","tag-deutschland","tag-duale-hochschule-baden-wuerttemberg","tag-fakultaet","tag-friedrich-ebert-strasse","tag-germany","tag-kuenstliche-intelligenz","tag-lars-meierling","tag-schramberger-strasse","tag-schwenningen","tag-sozialwesen","tag-stuttgart","tag-villingen-schwenningen","tag-wirtschaft"],"share_on_mastodon":{"url":"https:\/\/pubeurope.com\/@de\/116607879006815326","error":""},"_links":{"self":[{"href":"https:\/\/www.europesays.com\/de\/wp-json\/wp\/v2\/posts\/1033706","targetHints":{"allow":["GET"]}}],"collection":[{"href":"https:\/\/www.europesays.com\/de\/wp-json\/wp\/v2\/posts"}],"about":[{"href":"https:\/\/www.europesays.com\/de\/wp-json\/wp\/v2\/types\/post"}],"author":[{"embeddable":true,"href":"https:\/\/www.europesays.com\/de\/wp-json\/wp\/v2\/users\/2"}],"replies":[{"embeddable":true,"href":"https:\/\/www.europesays.com\/de\/wp-json\/wp\/v2\/comments?post=1033706"}],"version-history":[{"count":0,"href":"https:\/\/www.europesays.com\/de\/wp-json\/wp\/v2\/posts\/1033706\/revisions"}],"wp:featuredmedia":[{"embeddable":true,"href":"https:\/\/www.europesays.com\/de\/wp-json\/wp\/v2\/media\/1033707"}],"wp:attachment":[{"href":"https:\/\/www.europesays.com\/de\/wp-json\/wp\/v2\/media?parent=1033706"}],"wp:term":[{"taxonomy":"category","embeddable":true,"href":"https:\/\/www.europesays.com\/de\/wp-json\/wp\/v2\/categories?post=1033706"},{"taxonomy":"post_tag","embeddable":true,"href":"https:\/\/www.europesays.com\/de\/wp-json\/wp\/v2\/tags?post=1033706"}],"curies":[{"name":"wp","href":"https:\/\/api.w.org\/{rel}","templated":true}]}}