{"id":1033764,"date":"2026-05-20T17:07:15","date_gmt":"2026-05-20T17:07:15","guid":{"rendered":"https:\/\/www.europesays.com\/de\/1033764\/"},"modified":"2026-05-20T17:07:15","modified_gmt":"2026-05-20T17:07:15","slug":"holstein-kiel-holt-fin-bartels-zurueck-sport","status":"publish","type":"post","link":"https:\/\/www.europesays.com\/de\/1033764\/","title":{"rendered":"Holstein Kiel holt Fin Bartels zur\u00fcck | Sport"},"content":{"rendered":"<p><a class=\"skip-content skip-content--link\" href=\"#in-content-skip-link-target-v-0-0\">TTS-Player \u00fcberspringen\u21b5<\/a><a id=\"in-content-skip-link-target-v-0-0\" class=\"skip-content--target-link-hidden skip-content skip-content--target-link\" href=\"#in-content-skip-link-target-v-0-0\">Artikel weiterlesen<\/a><\/p>\n<p data-21134c99=\"0-1440\"><b>2023 verabschiedete sich Fin Bartels (39) nach 137 Spielen (mit 28 Toren und zw\u00f6lf Vorlagen) bei Holstein Kiel \u2013 nun kehrt der Kult-Profi in neuer Funktion zur\u00fcck. Bartels wird im Scouting bei dem Zweitligisten einsteigen.<\/b><\/p>\n<p data-21134c99=\"0-1440\">Gesch\u00e4ftsf\u00fchrer Olaf Rebbe (48): \u201eWir gewinnen mit Fin eine absolute Identifikationsfigur unseres Vereins. Er ist ein Fu\u00dfball-Fachmann und wei\u00df, was gebraucht wird. Wir freuen uns, dass er jetzt bei uns seine Laufbahn au\u00dferhalb des Platzes startet. Er wei\u00df, wof\u00fcr die KSV steht, welche Werte hier gelebt werden und vor allem, welche fu\u00dfballerische Philosophie wir seit vielen Jahren verfolgen.\u201c<\/p>\n<p data-21134c99=\"0-1440\">Bartels, der als 15-J\u00e4hriger von Eidertal nach Kiel kam und \u00fcber die Stationen Rostock, St.\u00a0Pauli und Werder 2020 zur\u00fcckkam, freut sich: \u201e<a href=\"https:\/\/www.bild.de\/sport\/fussball\/kieler-sv-holstein\/startseite-kiel-52363046.bild.html\" class=\"text-link\" rel=\"nofollow noopener\" target=\"_blank\">Holstein Kiel<\/a> war f\u00fcr mich immer mehr als nur ein Verein und die Verbindungen sind nat\u00fcrlich nie abgerissen. Daher freue ich mich sehr \u00fcber die Chance, jetzt in neuer Rolle zur\u00fcckzukehren. Es reizt mich extrem, nun die \u201aandere Seite\u2018 kennenzulernen und diesen gro\u00dfartigen Verein gemeinsam mit vielen tollen und erfahrenen Kollegen weiter in die Zukunft zu f\u00fchren.\u201c<\/p>\n<p>Mehr zum Thema<\/p>\n<p data-21134c99=\"0-1440\">Kiel hatte nach dem Abstieg aus der 1.\u00a0Liga vergangene Saison zun\u00e4chst gro\u00dfe Probleme, bekam nach dem Trainerwechsel <a href=\"https:\/\/www.bild.de\/sport\/fussball\/viel-los-bei-holstein-kiel-boss-schneekloth-weg-poker-um-walter-neuer-rapp-job-6a0c426e3b7096456ac7bfdc\" class=\"text-link\" rel=\"nofollow noopener\" target=\"_blank\">von Marcel Rapp (47) zu Tim Walter (50)<\/a> aber noch die Kurve und beendete die Spielzeit in der <a href=\"https:\/\/www.bild.de\/sport\/fussball\/2-bundesliga\/2-liga-startseite-52368772.bild.html\" class=\"text-link\" rel=\"nofollow noopener\" target=\"_blank\">2.\u00a0Liga<\/a> auf Platz 12. In der kommenden Saison soll es aufw\u00e4rtsgehen \u2013 mit Fin Bartels im Hintergrund.<\/p>\n","protected":false},"excerpt":{"rendered":"TTS-Player \u00fcberspringen\u21b5Artikel weiterlesen 2023 verabschiedete sich Fin Bartels (39) nach 137 Spielen (mit 28 Toren und zw\u00f6lf Vorlagen)&hellip;\n","protected":false},"author":2,"featured_media":1033765,"comment_status":"","ping_status":"","sticky":false,"template":"","format":"standard","meta":{"footnotes":"","_share_on_mastodon":"0"},"categories":[1852],"tags":[221755,3364,29,548,663,3934,30,13,4949,21431,14,15,10905,12,1971,542,784],"class_list":["post-1033764","post","type-post","status-publish","format-standard","has-post-thumbnail","category-kiel","tag-bartels-fin","tag-de","tag-deutschland","tag-eu","tag-europa","tag-europe","tag-germany","tag-headlines","tag-kiel","tag-kieler-sv-holstein","tag-nachrichten","tag-news","tag-rebbe-olaf","tag-schlagzeilen","tag-schleswig-holstein","tag-sport-leuchtturm-hamburg","tag-zweite-bundesliga"],"share_on_mastodon":{"url":"","error":""},"_links":{"self":[{"href":"https:\/\/www.europesays.com\/de\/wp-json\/wp\/v2\/posts\/1033764","targetHints":{"allow":["GET"]}}],"collection":[{"href":"https:\/\/www.europesays.com\/de\/wp-json\/wp\/v2\/posts"}],"about":[{"href":"https:\/\/www.europesays.com\/de\/wp-json\/wp\/v2\/types\/post"}],"author":[{"embeddable":true,"href":"https:\/\/www.europesays.com\/de\/wp-json\/wp\/v2\/users\/2"}],"replies":[{"embeddable":true,"href":"https:\/\/www.europesays.com\/de\/wp-json\/wp\/v2\/comments?post=1033764"}],"version-history":[{"count":0,"href":"https:\/\/www.europesays.com\/de\/wp-json\/wp\/v2\/posts\/1033764\/revisions"}],"wp:featuredmedia":[{"embeddable":true,"href":"https:\/\/www.europesays.com\/de\/wp-json\/wp\/v2\/media\/1033765"}],"wp:attachment":[{"href":"https:\/\/www.europesays.com\/de\/wp-json\/wp\/v2\/media?parent=1033764"}],"wp:term":[{"taxonomy":"category","embeddable":true,"href":"https:\/\/www.europesays.com\/de\/wp-json\/wp\/v2\/categories?post=1033764"},{"taxonomy":"post_tag","embeddable":true,"href":"https:\/\/www.europesays.com\/de\/wp-json\/wp\/v2\/tags?post=1033764"}],"curies":[{"name":"wp","href":"https:\/\/api.w.org\/{rel}","templated":true}]}}