{"id":1033828,"date":"2026-05-20T17:40:14","date_gmt":"2026-05-20T17:40:14","guid":{"rendered":"https:\/\/www.europesays.com\/de\/1033828\/"},"modified":"2026-05-20T17:40:14","modified_gmt":"2026-05-20T17:40:14","slug":"nuernberg-verliert-jander-millionen-durch-southampton-skandal","status":"publish","type":"post","link":"https:\/\/www.europesays.com\/de\/1033828\/","title":{"rendered":"N\u00fcrnberg verliert Jander-Millionen durch Southampton-Skandal"},"content":{"rendered":"<p>Jander-Wechsel nun ebenfalls gef\u00e4hrdet<\/p>\n<p><a href=\"https:\/\/www.fussballdaten.de\/vereine\/fc-southampton\/\" target=\"_blank\" bis_skin_checked=\"1\" rel=\"nofollow noopener\">Southampton<\/a> wurde trotz des Weiterkommens im Playoff-Halbfinale vom englischen Ligaverband EFL vom Finalspiel ausgeschlossen. Der Klub hatte vor dem Hinspiel gegen Middlesbrough unerlaubt deren Trainingseinheit gefilmt.<\/p>\n<p class=\"mb20 mt30\">Der finanzielle Schaden f\u00fcr <a href=\"https:\/\/www.fussballdaten.de\/vereine\/1-fc-nuernberg\/\" target=\"_blank\" bis_skin_checked=\"1\" rel=\"nofollow noopener\">N\u00fcrnberg<\/a> k\u00f6nnte dabei noch \u00fcber den entgangenen Aufstiegsbonus hinausgehen. Der 23-j\u00e4hrige <a href=\"https:\/\/www.fussballdaten.de\/person\/caspar-jander\/\" target=\"_blank\" bis_skin_checked=\"1\" rel=\"nofollow noopener\">Caspar Jander<\/a> soll wechselwillig sein und Southampton im Sommer verlassen wollen. Da der Verbleib in der Championship allerdings den Marktwert dr\u00fcckt, d\u00fcrfte die Abl\u00f6se nun sp\u00fcrbar geringer ausfallen als noch vor dem Spielausschluss.<\/p>\n<p>Doppelter Verlust durch einen Skandal<\/p>\n<p class=\"mb20 mt30\">F\u00fcr die Franken ist die Situation bitter. Ohne jedes eigene Zutun verlieren sie sowohl den Aufstiegsbonus als auch einen Teil der m\u00f6glichen Weiterverkaufseinnahmen, weil ein englischer Zweitligist gegen Wettbewerbsregeln versto\u00dfen hat.<\/p>\n<p class=\"mb20 mt30\">Wie hoch der Gesamtschaden am Ende tats\u00e4chlich ausf\u00e4llt, h\u00e4ngt davon ab, ob und zu welcher Abl\u00f6se Jander seinen n\u00e4chsten Verein findet.<\/p>\n","protected":false},"excerpt":{"rendered":"Jander-Wechsel nun ebenfalls gef\u00e4hrdet Southampton wurde trotz des Weiterkommens im Playoff-Halbfinale vom englischen Ligaverband EFL vom Finalspiel ausgeschlossen.&hellip;\n","protected":false},"author":2,"featured_media":1033829,"comment_status":"","ping_status":"","sticky":false,"template":"","format":"standard","meta":{"footnotes":"","_share_on_mastodon":"0"},"categories":[1837],"tags":[783,621,772,78259,3364,29,15959,30,3783],"class_list":["post-1033828","post","type-post","status-publish","format-standard","has-post-thumbnail","category-nuernberg","tag-1-fc-nuernberg","tag-2-bundesliga","tag-bayern","tag-caspar-jander","tag-de","tag-deutschland","tag-fc-southampton","tag-germany","tag-nuernberg"],"share_on_mastodon":{"url":"https:\/\/pubeurope.com\/@de\/116608134649591893","error":""},"_links":{"self":[{"href":"https:\/\/www.europesays.com\/de\/wp-json\/wp\/v2\/posts\/1033828","targetHints":{"allow":["GET"]}}],"collection":[{"href":"https:\/\/www.europesays.com\/de\/wp-json\/wp\/v2\/posts"}],"about":[{"href":"https:\/\/www.europesays.com\/de\/wp-json\/wp\/v2\/types\/post"}],"author":[{"embeddable":true,"href":"https:\/\/www.europesays.com\/de\/wp-json\/wp\/v2\/users\/2"}],"replies":[{"embeddable":true,"href":"https:\/\/www.europesays.com\/de\/wp-json\/wp\/v2\/comments?post=1033828"}],"version-history":[{"count":0,"href":"https:\/\/www.europesays.com\/de\/wp-json\/wp\/v2\/posts\/1033828\/revisions"}],"wp:featuredmedia":[{"embeddable":true,"href":"https:\/\/www.europesays.com\/de\/wp-json\/wp\/v2\/media\/1033829"}],"wp:attachment":[{"href":"https:\/\/www.europesays.com\/de\/wp-json\/wp\/v2\/media?parent=1033828"}],"wp:term":[{"taxonomy":"category","embeddable":true,"href":"https:\/\/www.europesays.com\/de\/wp-json\/wp\/v2\/categories?post=1033828"},{"taxonomy":"post_tag","embeddable":true,"href":"https:\/\/www.europesays.com\/de\/wp-json\/wp\/v2\/tags?post=1033828"}],"curies":[{"name":"wp","href":"https:\/\/api.w.org\/{rel}","templated":true}]}}