{"id":103388,"date":"2025-05-12T00:10:12","date_gmt":"2025-05-12T00:10:12","guid":{"rendered":"https:\/\/www.europesays.com\/de\/103388\/"},"modified":"2025-05-12T00:10:12","modified_gmt":"2025-05-12T00:10:12","slug":"asc-09-dortmund-behauptet-sich-mit-knappem-sieg-gegen-den-1-fc-gievenbeck","status":"publish","type":"post","link":"https:\/\/www.europesays.com\/de\/103388\/","title":{"rendered":"ASC 09 Dortmund behauptet sich mit knappem Sieg gegen den 1. FC Gievenbeck"},"content":{"rendered":"<p>                                Spielinfos:<br \/>\nDatum &amp; Uhrzeit: 11.05.2025 14.30 Uhr<br \/>Austragungsort: M\u00fcnster<br \/>Wettbewerb: Oberliga Westfalen<br \/>Spieltag: 35<\/p>\n<p>Spielbericht: 1. FC Gievenbeck gegen ASC 09 Dortmund 2:3 (0:3)<\/p>\n<p id=\"absatz2\" class=\"em_text\">M\u00fcnster. Der 1. FC Gievenbeck und der ASC 09 Dortmund liefern sich am Sonntag ein aufregendes Duell.<\/p>\n<p id=\"absatz4\" class=\"em_text\">Nach nur 19 Minuten landet Anes Dziho den ersten Treffer und setzt die Gastgeber unter Druck. Ein paar Minuten sp\u00e4ter f\u00e4llt auch schon das zweite Tor durch Rafael Camprobin Corchero (30). Und auch Tor Nummer drei kann Gievenbeck-Torwart Nico Eschhaus nicht verhindern (45+1).<\/p>\n<p id=\"absatz5\" class=\"em_text\">Der Vorsprung des ASC 09 Dortmund scheint uneinholbar. Doch die Mannschaft um Trainer Steffen B\u00fcchter; Torsten Maas k\u00e4mpft weiter und in Minute 47 gelingt Piet Br\u00e4unig endlich der langersehnte Gegentreffer. Von neuem Elan befl\u00fcgelt, holt das Team nach und nach auf. F\u00fcr den Ausgleich soll es jedoch nicht mehr reichen. Es steht 3:1 f\u00fcr den ASC 09 Dortmund.<\/p>\n<p id=\"absatz6\" class=\"em_text\">Dem Gievenbecker Team gelingt es in der Mitte der zweiten Halbzeit schlie\u00dflich, ein weiteres Mal einzunetzen. Julian Conze kann in der 59. Spielminute mit einem Strafsto\u00df effektiv abschlie\u00dfen und dem Verein noch einen weiteren Treffer verschaffen. Der Spielausgang ist jedoch entschieden. Die Gievenbecker rutschten auf Platz elf ab.<\/p>\n<p>Die Aufstellungen: 1. FC Gievenbeck &#8211; ASC 09 Dortmund<br \/>\nFC Gievenbeck: Nico Eschhaus (1), Louis Elias Martin (7), Kerolos Makkar (16), Julian Conze (27), Leo Scheipers (3), Leon Richter (18), Daniel Geisler (17), Niklas Beil (12), Philip R\u00f6he (4), Piet Br\u00e4unig (15), Gentrit Muja (34)<\/p>\n<p id=\"absatz7\" class=\"em_text\">ASC 09 Dortmund: Anes Dziho (3), Elias Boadi Opoku (11), Jan Stuhldreier (7), Florian Rausch (23), Rafael Camprobin Corchero (24), Lars Warschewski (10), Jannik Urban (8), Keanu Diskau (12), Jan-Patrick Friedrich (5), Josue Santo (27), Joel Nickel (1)<br \/>Schiedsrichter: Cengiz Kabalakli<\/p>\n<p id=\"absatz8\" class=\"em_text\">Assistent: Tristan Eppelt<\/p>\n<p id=\"absatz9\" class=\"em_text\">Assistent: Tobias Patzer<\/p>\n<p id=\"absatz10\" class=\"em_text\" style=\"font-size: .8em;\">Die Inhalte dieses Berichts wurden automatisch auf der Basis von DFB-Daten zusammengestellt.<\/p>\n","protected":false},"excerpt":{"rendered":"Spielinfos: Datum &amp; Uhrzeit: 11.05.2025 14.30 UhrAustragungsort: M\u00fcnsterWettbewerb: Oberliga WestfalenSpieltag: 35 Spielbericht: 1. FC Gievenbeck gegen ASC 09&hellip;\n","protected":false},"author":2,"featured_media":103245,"comment_status":"","ping_status":"","sticky":false,"template":"","format":"standard","meta":{"footnotes":""},"categories":[1843],"tags":[17783,24794,7763,3364,29,5282,30,17786,29527,8405,734,7774,1613,8970,40899,1209,12006,40898,17712,7773,7765,25092,25091,7764,8404],"class_list":{"0":"post-103388","1":"post","2":"type-post","3":"status-publish","4":"format-standard","5":"has-post-thumbnail","7":"category-muenster","8":"tag-1-fc-gievenbeck","9":"tag-asc-09-dortmund","10":"tag-austragungsort","11":"tag-de","12":"tag-deutschland","13":"tag-fuball","14":"tag-germany","15":"tag-gievenbeck","16":"tag-julian-conze","17":"tag-mnster","18":"tag-meta_artikelklasse_nachricht","19":"tag-meta_themen_sport","20":"tag-meta_userneeds_informieremich","21":"tag-muenster","22":"tag-nico-eschhaus","23":"tag-nordrhein-westfalen","24":"tag-oberliga","25":"tag-piet-brunig","26":"tag-serie_ligaid_210198","27":"tag-serie_ligaid_all","28":"tag-spielinfo","29":"tag-steffen-bchter","30":"tag-torsten-maas","31":"tag-uhrzeit","32":"tag-westfalen"},"share_on_mastodon":{"url":"https:\/\/pubeurope.com\/@de\/114491963711741839","error":""},"_links":{"self":[{"href":"https:\/\/www.europesays.com\/de\/wp-json\/wp\/v2\/posts\/103388","targetHints":{"allow":["GET"]}}],"collection":[{"href":"https:\/\/www.europesays.com\/de\/wp-json\/wp\/v2\/posts"}],"about":[{"href":"https:\/\/www.europesays.com\/de\/wp-json\/wp\/v2\/types\/post"}],"author":[{"embeddable":true,"href":"https:\/\/www.europesays.com\/de\/wp-json\/wp\/v2\/users\/2"}],"replies":[{"embeddable":true,"href":"https:\/\/www.europesays.com\/de\/wp-json\/wp\/v2\/comments?post=103388"}],"version-history":[{"count":0,"href":"https:\/\/www.europesays.com\/de\/wp-json\/wp\/v2\/posts\/103388\/revisions"}],"wp:featuredmedia":[{"embeddable":true,"href":"https:\/\/www.europesays.com\/de\/wp-json\/wp\/v2\/media\/103245"}],"wp:attachment":[{"href":"https:\/\/www.europesays.com\/de\/wp-json\/wp\/v2\/media?parent=103388"}],"wp:term":[{"taxonomy":"category","embeddable":true,"href":"https:\/\/www.europesays.com\/de\/wp-json\/wp\/v2\/categories?post=103388"},{"taxonomy":"post_tag","embeddable":true,"href":"https:\/\/www.europesays.com\/de\/wp-json\/wp\/v2\/tags?post=103388"}],"curies":[{"name":"wp","href":"https:\/\/api.w.org\/{rel}","templated":true}]}}