{"id":1034016,"date":"2026-05-20T19:21:19","date_gmt":"2026-05-20T19:21:19","guid":{"rendered":"https:\/\/www.europesays.com\/de\/1034016\/"},"modified":"2026-05-20T19:21:19","modified_gmt":"2026-05-20T19:21:19","slug":"millionenbetrug-mit-fakeshops-in-koeln-razzia-bei-friseurbetrieb","status":"publish","type":"post","link":"https:\/\/www.europesays.com\/de\/1034016\/","title":{"rendered":"Millionenbetrug mit Fakeshops in K\u00f6ln: Razzia bei Friseurbetrieb"},"content":{"rendered":"<p>37-J\u00e4hriger in Verdacht <\/p>\n<p>Millionenbetrug \u2013 Razzia bei Friseurbetrieb<\/p>\n<p>20.05.2026 &#8211; 18:53 UhrLesedauer: 1 Min.<\/p>\n<p><a href=\"#focus-0\" class=\"transition-colors duration-200 block text-current relative\" data-sctrack=\"FocusGalleryImage.Reference\"><img fetchpriority=\"high\" data-testid=\"Opener.Image\"   loading=\"eager\" src=\"https:\/\/www.europesays.com\/de\/wp-content\/uploads\/2026\/05\/anfang-mai-sollen-die-friseurbetriebe-wieder-oeffnen.jpg\" alt=\"Anfang Mai sollen die Friseurbetriebe wieder \u00f6ffnen.\" title=\"Anfang Mai sollen die Friseurbetriebe wieder \u00f6ffnen.\" width=\"640\" height=\"360\" class=\"bg-[url:var(--lqipURL)] bg-cover bg-center flex h-full w-full max-w-full\" style=\"--lqipURL:url('https:\/\/images.t-online.de\/2021\/05\/87721998v2\/0x0:640x360\/fit-in\/150x0\/filters:blur(25)\/anfang-mai-sollen-die-friseurbetriebe-wieder-oeffnen.jpg')\" decoding=\"async\"\/><img loading=\"lazy\" src=\"https:\/\/www.t-online.de\/s\/paper\/_next\/static\/media\/zoom-in.f7dae02f.svg\" alt=\"Vergr\u00f6\u00dfern des Bildes\" title=\"Vergr\u00f6\u00dfern des Bildes\" class=\"block h-[calc(var(--height)_\/_16_*_1rem)] w-[calc(var(--width)_\/_16_*_1rem)] max-w-none absolute bottom-8 right-8 rounded-4 bg-snow p-8\" style=\"--width:32;--height:32\" decoding=\"async\"\/><\/a><\/p>\n<p>Friseurbetrieb (Symbolbild): Die Beamten durchsuchten ein Wohnhaus und einen Friseurladen. (Quelle: Angelika Warmuth\/dpa.\/dpa)<\/p>\n<p><img loading=\"lazy\" src=\"https:\/\/www.t-online.de\/s\/paper\/_next\/static\/media\/audio-volume.6689034c.svg\" alt=\"\" title=\"\" class=\"block h-[calc(var(--height)_\/_16_*_1rem)] w-[calc(var(--width)_\/_16_*_1rem)] max-w-none group-hover:brightness-0 group-hover:invert\" style=\"--width:16;--height:16\" decoding=\"async\"\/>Vorlesen<\/p>\n<p>Aktuelle Zeit:0:00Gesamtdauer:0:00<\/p>\n<p>1x<\/p>\n<p class=\"text-center\">Jetzt neu bei t-online:<\/p>\n<p class=\"text-center\">Schriftgr\u00f6\u00dfe anpassen!<\/p>\n<p><img loading=\"lazy\" src=\"https:\/\/www.t-online.de\/s\/paper\/_next\/static\/media\/font-sizes.32942e33.svg\" alt=\"\" title=\"\" class=\"block h-[calc(var(--height)_\/_16_*_1rem)] w-[calc(var(--width)_\/_16_*_1rem)] max-w-none group-hover:hidden group-aria-expanded:hidden\" style=\"--width:16;--height:16\" decoding=\"async\"\/><img loading=\"lazy\" src=\"https:\/\/www.t-online.de\/s\/paper\/_next\/static\/media\/font-sizes-dark-mode.e382645c.svg\" alt=\"\" title=\"\" class=\"block h-[calc(var(--height)_\/_16_*_1rem)] w-[calc(var(--width)_\/_16_*_1rem)] max-w-none hidden group-hover:block group-aria-expanded:block\" style=\"--width:16;--height:16\" decoding=\"async\"\/><img loading=\"lazy\" src=\"https:\/\/www.t-online.de\/s\/paper\/_next\/static\/media\/sharing-menu-icon.1eb71368.svg\" alt=\"\" title=\"\" class=\"block h-[calc(var(--height)_\/_16_*_1rem)] w-[calc(var(--width)_\/_16_*_1rem)] max-w-none group-hover:brightness-0 group-hover:invert\" style=\"--width:16;--height:16\" decoding=\"async\"\/>Artikel teilen<\/p>\n<p class=\"font-bold text-18 leading-17 user-text-lg:text-22 user-text-xl:text-24\">Im Internet sehen Menschen Produkte, die sie kaufen m\u00f6chten. Sie bestellen \u2013 und erhalten nichts. Jetzt glaubt die Staatsanwaltschaft, den Schuldigen zu haben.<\/p>\n<p class=\"text-18 leading-17 user-text-lg:text-22 user-text-xl:text-24\">Ein 37 Jahre alter Mann soll \u00fcber mehrere Jahre hinweg zahlreiche Opfer betrogen und damit illegal Millionen verdient haben. Am Mittwoch erschienen Einsatzkr\u00e4fte von Polizei und Steuerfahndung bei ihm. Die Beamten durchsuchten am Morgen ein Wohnhaus in der 29.000-Einwohner-Stadt R\u00f6srath im Rheinisch-Bergischen Kreis sowie einen Friseurbetrieb in K\u00f6ln-Niehl.<\/p>\n<p class=\"text-18 leading-17 user-text-lg:text-22 user-text-xl:text-24\">Die Staatsanwaltschaft <a class=\"transition-colors duration-200 cursor-pointer text-inherit no-underline text-salemsfur md:hover:text-magenta md:hover:border-magenta md:focus:text-magenta border-current border-b border-solid break-words\" data-tracking=\"{&quot;action&quot;:&quot;click&quot;,&quot;category&quot;:&quot;intextLink&quot;,&quot;label&quot;:&quot;https:\/\/koeln.t-online.de\/region\/koeln\/&quot;}\" href=\"https:\/\/koeln.t-online.de\/region\/koeln\/\" data-sctrack=\"BodyAnchor\" rel=\"nofollow noopener\" target=\"_blank\">K\u00f6ln<\/a> wirft dem 37-J\u00e4hrigen Warenbetrug, Steuerhinterziehung und Geldw\u00e4sche vor. Nach \u00dcberzeugung der Ermittler hat der Mann von 2021 bis 2025 mindestens vier falsche Online-Shops betrieben: \u00dcber die Fake-Handelsplattformen kassierte er Geld f\u00fcr Ware, die er nie verschickte.<\/p>\n<ul class=\"text-18 leading-17 block pl-24 *:pb-16 *:before:inline-block *:before:size-8 *:before:bg-magenta *:before:-ml-[20px] *:before:mb-2 *:before:mr-12 *:before:mt-0\">\n<li><strong class=\"font-bold\">Buckelwal Timmy:<\/strong> <a class=\"transition-colors duration-200 cursor-pointer text-inherit no-underline text-salemsfur md:hover:text-magenta md:hover:border-magenta md:focus:text-magenta border-current border-b border-solid break-words\" data-tracking=\"{&quot;action&quot;:&quot;click&quot;,&quot;category&quot;:&quot;intextLink&quot;,&quot;label&quot;:&quot;\/nachrichten\/panorama\/tiere\/id_101262748\/buckelwal-timmy-experte-ueberzeugt-das-tier-war-eine-wal-kuh.html&quot;}\" href=\"https:\/\/www.t-online.de\/nachrichten\/panorama\/tiere\/id_101262748\/buckelwal-timmy-experte-ueberzeugt-das-tier-war-eine-wal-kuh.html\" data-sctrack=\"BodyAnchor\" rel=\"nofollow noopener\" target=\"_blank\">Experte \u00fcberzeugt \u2013 das Tier war eine Kuh<\/a><\/li>\n<li><strong class=\"font-bold\">70.000-Einwohner-Stadt ratlos:<\/strong> <a class=\"transition-colors duration-200 cursor-pointer text-inherit no-underline text-salemsfur md:hover:text-magenta md:hover:border-magenta md:focus:text-magenta border-current border-b border-solid break-words\" data-tracking=\"{&quot;action&quot;:&quot;click&quot;,&quot;category&quot;:&quot;intextLink&quot;,&quot;label&quot;:&quot;\/nachrichten\/panorama\/buntes-kurioses\/id_101262992\/bocholt-650-theaterstuehle-spurlos-verschwunden.html&quot;}\" href=\"https:\/\/www.t-online.de\/nachrichten\/panorama\/buntes-kurioses\/id_101262992\/bocholt-650-theaterstuehle-spurlos-verschwunden.html\" data-sctrack=\"BodyAnchor\" rel=\"nofollow noopener\" target=\"_blank\">Absurde Stuhl-Posse im M\u00fcnsterland<\/a><\/li>\n<\/ul>\n<p>Vermeintlich lukrative Nebenjobs im Internet<\/p>\n<p class=\"text-18 leading-17 user-text-lg:text-22 user-text-xl:text-24\">Zudem soll er online Stellenanzeigen f\u00fcr Nebenjobs als App-Tester geschaltet haben. 380 Menschen aus ganz Deutschland h\u00e4tten sich auf diese Anzeigen gemeldet und f\u00fcr einen vermeintlichen Software-Test Bankkonten er\u00f6ffnet, \u00fcber die der 37-J\u00e4hrige dann die Kontrolle \u00fcbernommen habe.<\/p>\n<p class=\"text-18 leading-17 user-text-lg:text-22 user-text-xl:text-24\">Die Millionengewinne seiner falschen Shops soll der Verd\u00e4chtige auf diese Konten \u00fcberwiesen und von dort in Kryptow\u00e4hrungen transferiert haben. Ob die Menschen, die einen lukrativen Nebenjob im Internet witterten, dabei ebenfalls Geld an den Mann verloren, konnte ein Polizeisprecher t-online am Mittwochabend nicht sagen.<\/p>\n<p class=\"text-18 leading-17 user-text-lg:text-22 user-text-xl:text-24\">Krypto- und Finanzermittler sowie Steuerfahnder stellten bei den Durchsuchungen Beweismittel, Geld und Wertsachen sicher, hie\u00df es. Die Ermittlungen dauern an. Eine Festnahme gab es nicht.<\/p>\n","protected":false},"excerpt":{"rendered":"37-J\u00e4hriger in Verdacht Millionenbetrug \u2013 Razzia bei Friseurbetrieb 20.05.2026 &#8211; 18:53 UhrLesedauer: 1 Min. Friseurbetrieb (Symbolbild): Die Beamten&hellip;\n","protected":false},"author":2,"featured_media":1034017,"comment_status":"","ping_status":"","sticky":false,"template":"","format":"standard","meta":{"footnotes":"","_share_on_mastodon":"0"},"categories":[1828],"tags":[1434,29,221794,1562,30,1420,81829,30156,1209,121,1442,33547,2215,1997,5734],"class_list":["post-1034016","post","type-post","status-publish","format-standard","has-post-thumbnail","category-koeln","tag-1434","tag-deutschland","tag-friseurbetrieb","tag-geldwaesche","tag-germany","tag-koeln","tag-koeln-niehl","tag-millionenbetrug","tag-nordrhein-westfalen","tag-polizei","tag-razzia","tag-rheinisch-bergischer-kreis","tag-roesrath","tag-staatsanwaltschaft","tag-steuerhinterziehung"],"share_on_mastodon":{"url":"https:\/\/pubeurope.com\/@de\/116608532170286610","error":""},"_links":{"self":[{"href":"https:\/\/www.europesays.com\/de\/wp-json\/wp\/v2\/posts\/1034016","targetHints":{"allow":["GET"]}}],"collection":[{"href":"https:\/\/www.europesays.com\/de\/wp-json\/wp\/v2\/posts"}],"about":[{"href":"https:\/\/www.europesays.com\/de\/wp-json\/wp\/v2\/types\/post"}],"author":[{"embeddable":true,"href":"https:\/\/www.europesays.com\/de\/wp-json\/wp\/v2\/users\/2"}],"replies":[{"embeddable":true,"href":"https:\/\/www.europesays.com\/de\/wp-json\/wp\/v2\/comments?post=1034016"}],"version-history":[{"count":0,"href":"https:\/\/www.europesays.com\/de\/wp-json\/wp\/v2\/posts\/1034016\/revisions"}],"wp:featuredmedia":[{"embeddable":true,"href":"https:\/\/www.europesays.com\/de\/wp-json\/wp\/v2\/media\/1034017"}],"wp:attachment":[{"href":"https:\/\/www.europesays.com\/de\/wp-json\/wp\/v2\/media?parent=1034016"}],"wp:term":[{"taxonomy":"category","embeddable":true,"href":"https:\/\/www.europesays.com\/de\/wp-json\/wp\/v2\/categories?post=1034016"},{"taxonomy":"post_tag","embeddable":true,"href":"https:\/\/www.europesays.com\/de\/wp-json\/wp\/v2\/tags?post=1034016"}],"curies":[{"name":"wp","href":"https:\/\/api.w.org\/{rel}","templated":true}]}}