{"id":1034091,"date":"2026-05-20T20:04:16","date_gmt":"2026-05-20T20:04:16","guid":{"rendered":"https:\/\/www.europesays.com\/de\/1034091\/"},"modified":"2026-05-20T20:04:16","modified_gmt":"2026-05-20T20:04:16","slug":"kosten-fuer-turmsanierung-in-wuppertal-steigen-deutlich","status":"publish","type":"post","link":"https:\/\/www.europesays.com\/de\/1034091\/","title":{"rendered":"Kosten f\u00fcr Turmsanierung in Wuppertal steigen deutlich"},"content":{"rendered":"<p class=\"text_ohne_einzug richtext text-em-55 !leading-serif mx-6 desktop:mx-0\"> Eigentlich sollte in Wuppertal aktuell an mindestens zwei T\u00fcrmen gearbeitet werden. Doch wie die Stadt mitteilt, kommen zumindest die Arbeiten am Von der Heydt-Turm auf der K\u00f6nigsh\u00f6he nicht in die G\u00e4nge. Offiziell hei\u00dft es von Sprecher Thomas Eiting: \u201eWir befinden uns noch in der Findungsphase, das hei\u00dft, das weitere Vorgehen und die Finanzierung m\u00fcssen erst noch gekl\u00e4rt werden.\u201c<\/p>\n","protected":false},"excerpt":{"rendered":"Eigentlich sollte in Wuppertal aktuell an mindestens zwei T\u00fcrmen gearbeitet werden. Doch wie die Stadt mitteilt, kommen zumindest&hellip;\n","protected":false},"author":2,"featured_media":1034092,"comment_status":"","ping_status":"","sticky":false,"template":"","format":"standard","meta":{"footnotes":"","_share_on_mastodon":"0"},"categories":[1840],"tags":[28110,18412,28106,3364,29,17019,30,5783,18517,1209,4108,26695,221809,221808,24895,221807,124609,221806,221803,221805,29692,221804,4418],"class_list":["post-1034091","post","type-post","status-publish","format-standard","has-post-thumbnail","category-wuppertal","tag-28110","tag-bereich","tag-buga","tag-de","tag-deutschland","tag-eiting","tag-germany","tag-gesperrt","tag-heydt","tag-nordrhein-westfalen","tag-sanierung","tag-sanierungsarbeiten","tag-sanierungsaufwand","tag-sanierungszeit","tag-turm","tag-turmbereich","tag-tuerme","tag-tuermen","tag-turms","tag-turmsanierung","tag-ullrich","tag-weyerbuschturm","tag-wuppertal"],"share_on_mastodon":{"url":"https:\/\/pubeurope.com\/@de\/116608700785690632","error":""},"_links":{"self":[{"href":"https:\/\/www.europesays.com\/de\/wp-json\/wp\/v2\/posts\/1034091","targetHints":{"allow":["GET"]}}],"collection":[{"href":"https:\/\/www.europesays.com\/de\/wp-json\/wp\/v2\/posts"}],"about":[{"href":"https:\/\/www.europesays.com\/de\/wp-json\/wp\/v2\/types\/post"}],"author":[{"embeddable":true,"href":"https:\/\/www.europesays.com\/de\/wp-json\/wp\/v2\/users\/2"}],"replies":[{"embeddable":true,"href":"https:\/\/www.europesays.com\/de\/wp-json\/wp\/v2\/comments?post=1034091"}],"version-history":[{"count":0,"href":"https:\/\/www.europesays.com\/de\/wp-json\/wp\/v2\/posts\/1034091\/revisions"}],"wp:featuredmedia":[{"embeddable":true,"href":"https:\/\/www.europesays.com\/de\/wp-json\/wp\/v2\/media\/1034092"}],"wp:attachment":[{"href":"https:\/\/www.europesays.com\/de\/wp-json\/wp\/v2\/media?parent=1034091"}],"wp:term":[{"taxonomy":"category","embeddable":true,"href":"https:\/\/www.europesays.com\/de\/wp-json\/wp\/v2\/categories?post=1034091"},{"taxonomy":"post_tag","embeddable":true,"href":"https:\/\/www.europesays.com\/de\/wp-json\/wp\/v2\/tags?post=1034091"}],"curies":[{"name":"wp","href":"https:\/\/api.w.org\/{rel}","templated":true}]}}