{"id":1034155,"date":"2026-05-20T20:42:14","date_gmt":"2026-05-20T20:42:14","guid":{"rendered":"https:\/\/www.europesays.com\/de\/1034155\/"},"modified":"2026-05-20T20:42:14","modified_gmt":"2026-05-20T20:42:14","slug":"olgaeck-in-stuttgart-prozess-urteil-nach-unfalltod-bewaehrungsstrafe","status":"publish","type":"post","link":"https:\/\/www.europesays.com\/de\/1034155\/","title":{"rendered":"Olgaeck in Stuttgart: Prozess-Urteil nach Unfalltod \u2013 Bew\u00e4hrungsstrafe"},"content":{"rendered":"<p>Urteil nach t\u00f6dlichem Unfall in Stuttgart <\/p>\n<p>Million\u00e4r gibt Kokainkonsum zu<\/p>\n<p>20.05.2026 &#8211; 22:19 UhrLesedauer: 4 Min.<\/p>\n<p><a href=\"#focus-0\" class=\"transition-colors duration-200 block text-current relative\" data-sctrack=\"FocusGalleryImage.Reference\"><img fetchpriority=\"high\" data-testid=\"Opener.Image\"   loading=\"eager\" src=\"https:\/\/www.europesays.com\/de\/wp-content\/uploads\/2026\/05\/der-angeklagte-hat-im-prozess-um-einen-toedlichen-unfall-eingeraeumt-am-tag-vor-der-fahrt-kokain-kon.jpeg\" alt=\"Prozess nach Verkehrsunfall am Stuttgarter Olgaeck\" title=\"Prozess nach Verkehrsunfall am Stuttgarter Olgaeck\" width=\"2048\" height=\"1152\" class=\"bg-[url:var(--lqipURL)] bg-cover bg-center flex h-full w-full max-w-full\" style=\"--lqipURL:url('https:\/\/images.t-online.de\/2026\/05\/prHrPTcRNXjy\/0x107:2048x1152\/fit-in\/150x0\/filters:blur(25)\/der-angeklagte-hat-im-prozess-um-einen-toedlichen-unfall-eingeraeumt-am-tag-vor-der-fahrt-kokain-konsumiert-zu-haben.jpg')\" decoding=\"async\"\/><img loading=\"lazy\" src=\"https:\/\/www.t-online.de\/s\/paper\/_next\/static\/media\/zoom-in.f7dae02f.svg\" alt=\"Vergr\u00f6\u00dfern des Bildes\" title=\"Vergr\u00f6\u00dfern des Bildes\" class=\"block h-[calc(var(--height)_\/_16_*_1rem)] w-[calc(var(--width)_\/_16_*_1rem)] max-w-none absolute bottom-8 right-8 rounded-4 bg-snow p-8\" style=\"--width:32;--height:32\" decoding=\"async\"\/><\/a><\/p>\n<p>Der Angeklagte hat im Prozess um einen t\u00f6dlichen Unfall einger\u00e4umt, am Tag vor der Fahrt Kokain konsumiert zu haben. (Quelle: Marijan Murat\/dpa\/dpa-bilder)<\/p>\n<p><img loading=\"lazy\" src=\"https:\/\/www.t-online.de\/s\/paper\/_next\/static\/media\/audio-volume.6689034c.svg\" alt=\"\" title=\"\" class=\"block h-[calc(var(--height)_\/_16_*_1rem)] w-[calc(var(--width)_\/_16_*_1rem)] max-w-none group-hover:brightness-0 group-hover:invert\" style=\"--width:16;--height:16\" decoding=\"async\"\/>Vorlesen<\/p>\n<p>Aktuelle Zeit:0:00Gesamtdauer:0:00<\/p>\n<p>1x<\/p>\n<p class=\"text-center\">Jetzt neu bei t-online:<\/p>\n<p class=\"text-center\">Schriftgr\u00f6\u00dfe anpassen!<\/p>\n<p><img loading=\"lazy\" src=\"https:\/\/www.t-online.de\/s\/paper\/_next\/static\/media\/font-sizes.32942e33.svg\" alt=\"\" title=\"\" class=\"block h-[calc(var(--height)_\/_16_*_1rem)] w-[calc(var(--width)_\/_16_*_1rem)] max-w-none group-hover:hidden group-aria-expanded:hidden\" style=\"--width:16;--height:16\" decoding=\"async\"\/><img loading=\"lazy\" src=\"https:\/\/www.t-online.de\/s\/paper\/_next\/static\/media\/font-sizes-dark-mode.e382645c.svg\" alt=\"\" title=\"\" class=\"block h-[calc(var(--height)_\/_16_*_1rem)] w-[calc(var(--width)_\/_16_*_1rem)] max-w-none hidden group-hover:block group-aria-expanded:block\" style=\"--width:16;--height:16\" decoding=\"async\"\/><img loading=\"lazy\" src=\"https:\/\/www.t-online.de\/s\/paper\/_next\/static\/media\/sharing-menu-icon.1eb71368.svg\" alt=\"\" title=\"\" class=\"block h-[calc(var(--height)_\/_16_*_1rem)] w-[calc(var(--width)_\/_16_*_1rem)] max-w-none group-hover:brightness-0 group-hover:invert\" style=\"--width:16;--height:16\" decoding=\"async\"\/>Artikel teilen<\/p>\n<p class=\"font-bold text-18 leading-17 user-text-lg:text-22 user-text-xl:text-24\">Mit seinem Gel\u00e4ndewagen f\u00e4hrt ein Mann mitten in Stuttgart in eine Menschengruppe. Im Prozess zeigt er Reue: Er h\u00e4tte an dem Tag nie in ein Auto steigen d\u00fcrfen. Welche Strafe bekommt er daf\u00fcr?<\/p>\n<p class=\"text-18 leading-17 user-text-lg:text-22 user-text-xl:text-24\">Es sind chaotische Szenen, die sich an einem lauen Fr\u00fchlingsabend Anfang Mai 2025 an der Stadtbahnhaltestelle Olgaeck in <a class=\"transition-colors duration-200 cursor-pointer text-inherit no-underline text-salemsfur md:hover:text-magenta md:hover:border-magenta md:focus:text-magenta border-current border-b border-solid break-words\" data-tracking=\"{&quot;action&quot;:&quot;click&quot;,&quot;category&quot;:&quot;intextLink&quot;,&quot;label&quot;:&quot;https:\/\/stuttgart.t-online.de\/region\/stuttgart\/&quot;}\" href=\"https:\/\/stuttgart.t-online.de\/region\/stuttgart\/\" data-sctrack=\"BodyAnchor\" rel=\"nofollow noopener\" target=\"_blank\">Stuttgart<\/a> abspielen. Polizeibeamte berichten von Verletzten, die vor Schmerzen schreien, von weinenden Kindern. Eine 46 Jahre alte Frau ist so schwer verletzt, dass sie noch vor Ort reanimiert wird und sp\u00e4ter im Krankenhaus stirbt.<\/p>\n<p class=\"text-18 leading-17 user-text-lg:text-22 user-text-xl:text-24\">Kurz zuvor war an der belebten Haltestelle in der Stuttgarter Innenstadt ein Auto von der Stra\u00dfe abgekommen und in eine Menschengruppe gefahren. Recht schnell ist klar: Es handelt sich um einen Unfall, nicht um einen Anschlag.<\/p>\n<p class=\"text-18 leading-17 user-text-lg:text-22 user-text-xl:text-24\">Gut ein Jahr sp\u00e4ter hat das Amtsgericht Stuttgart den 43 Jahre alten Fahrer wegen fahrl\u00e4ssiger T\u00f6tung und fahrl\u00e4ssiger K\u00f6rperverletzung in acht F\u00e4llen zu einer Freiheitsstrafe von zwei Jahren auf Bew\u00e4hrung verurteilt. Das Urteil ist noch nicht rechtskr\u00e4ftig.<\/p>\n<p class=\"text-18 leading-17 user-text-lg:text-22 user-text-xl:text-24\">H\u00e4lt sich der 43-J\u00e4hrige in den n\u00e4chsten drei Jahren an die Auflagen des Gerichts, muss er also nicht ins Gef\u00e4ngnis. Dazu z\u00e4hlt die Zahlung von 400.000 Euro an die Opfer und die Hinterbliebenen. Zudem muss der Mann regelm\u00e4\u00dfig nachweisen, dass er keine Drogen mehr nimmt. Das Gericht sei \u00fcberzeugt, dass der Einfluss von Kokain und Schlafmitteln die Ursache f\u00fcr den Fahrfehler des Mannes gewesen sei, so die Richterin bei der Begr\u00fcndung des Urteils.<\/p>\n<p>46-J\u00e4hrige stirbt, acht weitere Menschen werden verletzt<\/p>\n<p class=\"text-18 leading-17 user-text-lg:text-22 user-text-xl:text-24\">Der Mann war Anfang Mai im Bereich der Stra\u00dfenbahnhaltestelle Olgaeck nahe der Stuttgarter Innenstadt mit seinem Gel\u00e4ndewagen von der Fahrbahn abgekommen und in den Fu\u00dfg\u00e4ngerbereich vor der Haltestelle gefahren. Eine 46 Jahre alte Frau kam ums Leben, acht weitere Fu\u00dfg\u00e4nger wurden teils schwer verletzt. <\/p>\n<p class=\"text-18 leading-17 user-text-lg:text-22 user-text-xl:text-24\">An den konkreten Ablauf des Unfalls konnte sich der Mann eigenen Angaben zufolge nicht mehr erinnern. &#8222;Das Gehirn hat diese Sekunden gel\u00f6scht.&#8220; Seine Erinnerung setze erst wieder an dem Moment ein, nachdem er die Fu\u00dfg\u00e4nger erfasst habe.<\/p>\n<p class=\"text-18 leading-17 user-text-lg:text-22 user-text-xl:text-24\">Was im Prozess klar wird: Erst eine Art Kurzschlussreaktion des Fahrers hat wohl zum Tod der Frau gef\u00fchrt. Diese habe, als das Fahrzeug an der Treppe zur Haltestelle zum Stehen kam, hinter dem Vorderrad des Gel\u00e4ndewagens gelegen, berichtete der Polizeibeamte, der den Unfall bearbeitet hat. Dann legte der Angeklagte den R\u00fcckw\u00e4rtsgang ein und \u00fcberrollte die 46-J\u00e4hrige. Eine Obduktion habe sp\u00e4ter gezeigt, dass die R\u00fcckfahrbewegung die t\u00f6dlichen Verletzungen verursacht habe, so der Beamte.<\/p>\n<p>Angeklagter spricht von Panik nach Unfall<\/p>\n<p class=\"text-18 leading-17 user-text-lg:text-22 user-text-xl:text-24\">Der Angeklagte erkl\u00e4rt sein Verhalten mit Panik. Er sei mit seinem Auto auf einem Fu\u00dfg\u00e4ngerweg gelandet und habe das Gef\u00fchl gehabt, er m\u00fcsse unbedingt zur\u00fccksetzen, damit er wieder auf die Stra\u00dfe zur\u00fcckkomme. H\u00e4tte er gewusst, dass sein Zur\u00fccksetzen den Tod der Frau bedeutet h\u00e4tte, h\u00e4tte er das niemals gemacht, sagte er. Im R\u00fcckblick w\u00e4re die einzig richtige Entscheidung gewesen, auszusteigen und zu schauen, wo die Verletzten sind. Das sei ihm nicht m\u00f6glich gewesen, er sei in Panik geraten.<\/p>\n","protected":false},"excerpt":{"rendered":"Urteil nach t\u00f6dlichem Unfall in Stuttgart Million\u00e4r gibt Kokainkonsum zu 20.05.2026 &#8211; 22:19 UhrLesedauer: 4 Min. Der Angeklagte&hellip;\n","protected":false},"author":2,"featured_media":1034156,"comment_status":"","ping_status":"","sticky":false,"template":"","format":"standard","meta":{"footnotes":"","_share_on_mastodon":"0"},"categories":[1830],"tags":[326,1434,1601,513,1634,3364,29,433,514,5165,1203,30,1346,45783,682,21114,34065,1441,2866,1284],"class_list":["post-1034155","post","type-post","status-publish","format-standard","has-post-thumbnail","category-stuttgart","tag-326","tag-1434","tag-amtsgericht","tag-auto","tag-baden-wuerttemberg","tag-de","tag-deutschland","tag-drogen","tag-fahrzeug","tag-freiheitsstrafe","tag-gelaendewagen","tag-germany","tag-kokain","tag-kokainkonsum","tag-koerperverletzung","tag-menschengruppe","tag-olgaeck","tag-stuttgart","tag-toetung","tag-unfall"],"share_on_mastodon":{"url":"https:\/\/pubeurope.com\/@de\/116608851832302911","error":""},"_links":{"self":[{"href":"https:\/\/www.europesays.com\/de\/wp-json\/wp\/v2\/posts\/1034155","targetHints":{"allow":["GET"]}}],"collection":[{"href":"https:\/\/www.europesays.com\/de\/wp-json\/wp\/v2\/posts"}],"about":[{"href":"https:\/\/www.europesays.com\/de\/wp-json\/wp\/v2\/types\/post"}],"author":[{"embeddable":true,"href":"https:\/\/www.europesays.com\/de\/wp-json\/wp\/v2\/users\/2"}],"replies":[{"embeddable":true,"href":"https:\/\/www.europesays.com\/de\/wp-json\/wp\/v2\/comments?post=1034155"}],"version-history":[{"count":0,"href":"https:\/\/www.europesays.com\/de\/wp-json\/wp\/v2\/posts\/1034155\/revisions"}],"wp:featuredmedia":[{"embeddable":true,"href":"https:\/\/www.europesays.com\/de\/wp-json\/wp\/v2\/media\/1034156"}],"wp:attachment":[{"href":"https:\/\/www.europesays.com\/de\/wp-json\/wp\/v2\/media?parent=1034155"}],"wp:term":[{"taxonomy":"category","embeddable":true,"href":"https:\/\/www.europesays.com\/de\/wp-json\/wp\/v2\/categories?post=1034155"},{"taxonomy":"post_tag","embeddable":true,"href":"https:\/\/www.europesays.com\/de\/wp-json\/wp\/v2\/tags?post=1034155"}],"curies":[{"name":"wp","href":"https:\/\/api.w.org\/{rel}","templated":true}]}}