{"id":1034582,"date":"2026-05-21T00:46:24","date_gmt":"2026-05-21T00:46:24","guid":{"rendered":"https:\/\/www.europesays.com\/de\/1034582\/"},"modified":"2026-05-21T00:46:24","modified_gmt":"2026-05-21T00:46:24","slug":"zahme-wildtiere-koennen-in-unseren-staedten-zu-einem-problem-werden","status":"publish","type":"post","link":"https:\/\/www.europesays.com\/de\/1034582\/","title":{"rendered":"Zahme Wildtiere k\u00f6nnen in unseren St\u00e4dten zu einem Problem werden"},"content":{"rendered":"<p>Die Natur der Tiere l\u00e4sst sie auf Distanz gehen<\/p>\n<p class=\"text\">\nEigentlich sind Tiere von Natur aus vorsichtige Wesen. Und gerade um uns Menschen machen sie in der Regel einen gro\u00dfen Bogen. Was sie vor einer m\u00f6glichen Bedrohung sch\u00fctzt. Aber was auch f\u00fcr uns Menschen Vorteile bringt. Nicht nur, dass wir bei einer m\u00f6glichen Auseinandersetzung mit einigen Spezies, wenn es nun wirklich dazu k\u00e4me, den K\u00fcrzeren ziehen w\u00fcrden. Auch in Bezug auf Zoonosen, also auf Krankheiten, die von Tieren auf Menschen \u00fcbertragen werden, stellt sich eine gesunde Distanz als hilfreich heraus (wir haben bei Covid-19 gesehen, was passieren kann). Und das gilt \u00fcbrigens auch <a href=\"https:\/\/www.mdr.de\/wissen\/medizin-gesundheit\/Menschen-uebertragen-mehr-Viren-auf-Tiere-als-sie-von-ihnen-uebernehmen-100.html\" title=\"Menschen \u00fcbertragen mehr Viren auf Tiere, als sie von ihnen \u00fcbernehmen\" rel=\"nofollow noopener\" target=\"_blank\">f\u00fcr den umgekehrten \u00dcbertragungsweg<\/a>.\n<\/p>\n<p class=\"text\">\nSchwierig wird es also dann, wenn diese gesunde Vorsicht beider Seiten schwindet. Bei echten Haustieren ist das nat\u00fcrlich kein Problem \u2013 hier war die Ann\u00e4herung ja eine \u00fcber Jahrhunderte dauernde gewollte Entwicklung. Bei den Tieren aber, die als prim\u00e4res Ziel nicht unbedingt die Begleitung des Menschen haben, kann das schwierig werden. So geh\u00f6ren Ratten, Tauben, in manchen Gegenden auch M\u00f6wen schon lange zu den festen &#8222;Einwohnern&#8220; von St\u00e4dten und halten damit dort eben nicht die Distanz ein, die ihnen eigentlich innenwohnen sollte und die man bei ihren Artgenossen auf dem Land auch wirklich beobachten kann.\n<\/p>\n<p>Ist die Stadtmaus mutiger?<\/p>\n<p class=\"text\">\nEs stellt sich also die Frage: Gibt es unterschiedlich ausgepr\u00e4gte \u00c4ngste bei tierischen Land- und Stadtbewohnern? Sind Stadttiere vielleicht mutiger als ihre l\u00e4ndlichen Artgenossen? Genau dieser Frage sind Forscher des Lewis &amp; Clark College im US-amerikanischen Portland \/ Oregon, des CEFE-CNRS in Montpellier und der North Dakota State University nachgegangen. Sie haben 80 vorhandene Studien aus 28 L\u00e4ndern zusammengebracht, in denen Verhaltensmerkmalen von 133 verschiedenen Tierarten untersucht wurden. 70 Prozent dieser Forschungen konzentrierten sich auf V\u00f6gel, so dass hier von einer guten Grundlage gesprochen werden kann. Insekten, Reptilien und Amphibien hingegen waren nur mit 10 Prozent der Daten vertreten, so dass gerade auf diesem Gebiet noch sehr viel weitere Studien erforderlich w\u00e4ren.<\/p>\n","protected":false},"excerpt":{"rendered":"Die Natur der Tiere l\u00e4sst sie auf Distanz gehen Eigentlich sind Tiere von Natur aus vorsichtige Wesen. Und&hellip;\n","protected":false},"author":2,"featured_media":1030940,"comment_status":"","ping_status":"","sticky":false,"template":"","format":"standard","meta":{"footnotes":"","_share_on_mastodon":"0"},"categories":[1832],"tags":[70302,3364,29,9466,2464,30,638,3414,71,6759,3256,859,3041,1886,115903],"class_list":["post-1034582","post","type-post","status-publish","format-standard","has-post-thumbnail","category-leipzig","tag-zusammenleben","tag-de","tag-deutschland","tag-epidemie","tag-gefahr","tag-germany","tag-krankheiten","tag-land","tag-leipzig","tag-mdr-wissen","tag-pandemie","tag-sachsen","tag-stadt","tag-tiere","tag-zoonosen"],"share_on_mastodon":{"url":"https:\/\/pubeurope.com\/@de\/116609809555794268","error":""},"_links":{"self":[{"href":"https:\/\/www.europesays.com\/de\/wp-json\/wp\/v2\/posts\/1034582","targetHints":{"allow":["GET"]}}],"collection":[{"href":"https:\/\/www.europesays.com\/de\/wp-json\/wp\/v2\/posts"}],"about":[{"href":"https:\/\/www.europesays.com\/de\/wp-json\/wp\/v2\/types\/post"}],"author":[{"embeddable":true,"href":"https:\/\/www.europesays.com\/de\/wp-json\/wp\/v2\/users\/2"}],"replies":[{"embeddable":true,"href":"https:\/\/www.europesays.com\/de\/wp-json\/wp\/v2\/comments?post=1034582"}],"version-history":[{"count":0,"href":"https:\/\/www.europesays.com\/de\/wp-json\/wp\/v2\/posts\/1034582\/revisions"}],"wp:featuredmedia":[{"embeddable":true,"href":"https:\/\/www.europesays.com\/de\/wp-json\/wp\/v2\/media\/1030940"}],"wp:attachment":[{"href":"https:\/\/www.europesays.com\/de\/wp-json\/wp\/v2\/media?parent=1034582"}],"wp:term":[{"taxonomy":"category","embeddable":true,"href":"https:\/\/www.europesays.com\/de\/wp-json\/wp\/v2\/categories?post=1034582"},{"taxonomy":"post_tag","embeddable":true,"href":"https:\/\/www.europesays.com\/de\/wp-json\/wp\/v2\/tags?post=1034582"}],"curies":[{"name":"wp","href":"https:\/\/api.w.org\/{rel}","templated":true}]}}