{"id":1034589,"date":"2026-05-21T00:50:12","date_gmt":"2026-05-21T00:50:12","guid":{"rendered":"https:\/\/www.europesays.com\/de\/1034589\/"},"modified":"2026-05-21T00:50:12","modified_gmt":"2026-05-21T00:50:12","slug":"bahnverkehr-in-stuttgart-ice-sprinter-stuttgart-berlin-faehrt-weiter-2","status":"publish","type":"post","link":"https:\/\/www.europesays.com\/de\/1034589\/","title":{"rendered":"Bahnverkehr in Stuttgart: ICE-Sprinter Stuttgart\u2013Berlin f\u00e4hrt weiter"},"content":{"rendered":"<p> Der erst im Dezember 2025 <a href=\"https:\/\/www.stuttgarter-zeitung.de\/inhalt.bahnverkehr-in-stuttgart-grosser-bahnhof-fuer-den-neuen-ice-sprinter-nach-berlin.b196378f-3a5e-465a-b5da-315cecc29154.html\" target=\"_blank\" rel=\"nofollow noopener\">eingef\u00fchrte ICE-Sprinter <\/a>zwischen <a href=\"https:\/\/www.stuttgarter-zeitung.de\/thema\/Stuttgart\" title=\"Stuttgart\" class=\"art_thema\" rel=\"nofollow noopener\" target=\"_blank\">Stuttgart<\/a> und <a href=\"https:\/\/www.stuttgarter-zeitung.de\/thema\/Berlin\" title=\"Berlin\" class=\"art_thema\" rel=\"nofollow noopener\" target=\"_blank\">Berlin<\/a> kann auch im zweiten Halbjahr 2026 weiter verkehren. Das teilte die <a href=\"https:\/\/www.stuttgarter-zeitung.de\/thema\/Deutsche_Bahn\" title=\"Deutsche Bahn\" class=\"art_thema\" rel=\"nofollow noopener\" target=\"_blank\">Deutsche Bahn<\/a> am Mittwoch auf Anfrage mit. Damit zeichnet sich eine Kehrtwende ab, nachdem die Verbindung wegen geplanter Bauarbeiten im Gro\u00dfraum Berlin <a href=\"https:\/\/www.stuttgarter-zeitung.de\/inhalt.bahnverkehr-in-stuttgart-rollt-der-ice-sprinter-stuttgart-berlin-aufs-abstellgleis.fe54d3d1-5006-4dfa-a81c-7121c416b060.html\" target=\"_blank\" rel=\"nofollow noopener\">zuletzt auf der Kippe gestanden hatte<\/a>.<\/p>\n<p>\u201eDer <a href=\"https:\/\/www.stuttgarter-zeitung.de\/thema\/ICE\" title=\"ICE\" class=\"art_thema\" rel=\"nofollow noopener\" target=\"_blank\">ICE<\/a>-Sprinter Stuttgart\u2013Berlin kann auch im zweiten Halbjahr 2026 verkehren. Eine entsprechende Pr\u00fcfung der Baukonzepte zwischen Berlin und Stuttgart ist positiv ausgefallen \u2013 die bisherige vorsorgliche Sperrung der Verbindung in der Fahrplanauskunft wird in K\u00fcrze aufgehoben\u201c, erkl\u00e4rte eine Bahn-Sprecherin.<\/p>\n<p>Bislang war unklar gewesen, ob die Verbindung angesichts zahlreicher Baustellen in und um Berlin aufrechterhalten werden kann. In der Fahrplanauskunft war der Sprinter f\u00fcr das zweite Halbjahr 2026 zwischenzeitlich bereits gesperrt worden. Das hatte bei Fahrg\u00e4sten aus Stuttgart und der Region, die bereits Tickets f\u00fcr die Z\u00fcge im fraglichen Zeitraum gebucht hatten, f\u00fcr erhebliche Irritationen gesorgt.<\/p>\n<p>ICE-Sprinter: Nopper kritisierte Bevorzugung von M\u00fcnchen <\/p>\n<p>Die schnelle Direktverbindung gilt insbesondere f\u00fcr die Landeshauptstadt als prestigetr\u00e4chtig. Oberb\u00fcrgermeister <a href=\"https:\/\/www.stuttgarter-zeitung.de\/thema\/Frank_Nopper\" title=\"Frank Nopper\" class=\"art_thema\" rel=\"nofollow noopener\" target=\"_blank\">Frank Nopper<\/a> (CDU) hatte ein m\u00f6gliches Aus <a href=\"https:\/\/www.stuttgarter-zeitung.de\/inhalt.bahnverkehr-in-stuttgart-aus-fuer-den-ice-sprinter-nach-berlin-ob-nopper-kritisiert-bevorzugung-muenchens.74fa437c-36f7-40be-bc92-d89600f442e8.html\" target=\"_blank\" rel=\"nofollow noopener\">zuletzt scharf kritisiert <\/a>und der Bahn vorgeworfen, M\u00fcnchen bei Fernverkehrsverbindungen zu bevorzugen. Die Sprinterverbindungen zwischen der bayrischen Landes- und der Bundeshauptstadt waren anders als die Z\u00fcge von und nach Stuttgart nicht zur Disposition gestanden.<\/p>\n<p>Die Einf\u00fchrung der schnellen Verbindung, die Stuttgart mit Berlin in unter f\u00fcnf Stunden Fahrzeit verbindet, war in der Region nicht \u00fcberall einhellig begr\u00fc\u00dft worden. Die Sprinter nehmen den Weg \u00fcber N\u00fcrnberg und nicht wie regul\u00e4ren ICE \u00fcber Frankfurt\/Main. Ihr Weg f\u00fchrt daher auch durch den Rems-Murr-Kreis, wo sie allerdings nicht halten. Im betroffenen Kreis <a href=\"https:\/\/www.stuttgarter-zeitung.de\/inhalt.schnellverbindung-stuttgart-berlin-ice-sprinter-durch-das-murrtal-sorgt-weiter-fuer-unruhe-im-rems-murr-kreis.216feb63-2775-4e60-944c-0a6c57cf0c18.html\" target=\"_blank\" rel=\"nofollow noopener\">ging die Bef\u00fcrchtung um<\/a>, der ICE w\u00fcrde zu einer Ausd\u00fcnnung der Regionalzugverbindungen f\u00fchren.<\/p>\n","protected":false},"excerpt":{"rendered":"Der erst im Dezember 2025 eingef\u00fchrte ICE-Sprinter zwischen Stuttgart und Berlin kann auch im zweiten Halbjahr 2026 weiter&hellip;\n","protected":false},"author":2,"featured_media":1034009,"comment_status":"","ping_status":"","sticky":false,"template":"","format":"standard","meta":{"footnotes":"","_share_on_mastodon":"0"},"categories":[1830],"tags":[1634,296,164820,5219,3364,2030,29,28439,30,2229,1441,5329],"class_list":["post-1034589","post","type-post","status-publish","format-standard","has-post-thumbnail","category-stuttgart","tag-baden-wuerttemberg","tag-berlin","tag-christian-milankovic","tag-db","tag-de","tag-deutsche-bahn","tag-deutschland","tag-frank-nopper","tag-germany","tag-ice","tag-stuttgart","tag-video"],"share_on_mastodon":{"url":"https:\/\/pubeurope.com\/@de\/116609825415185896","error":""},"_links":{"self":[{"href":"https:\/\/www.europesays.com\/de\/wp-json\/wp\/v2\/posts\/1034589","targetHints":{"allow":["GET"]}}],"collection":[{"href":"https:\/\/www.europesays.com\/de\/wp-json\/wp\/v2\/posts"}],"about":[{"href":"https:\/\/www.europesays.com\/de\/wp-json\/wp\/v2\/types\/post"}],"author":[{"embeddable":true,"href":"https:\/\/www.europesays.com\/de\/wp-json\/wp\/v2\/users\/2"}],"replies":[{"embeddable":true,"href":"https:\/\/www.europesays.com\/de\/wp-json\/wp\/v2\/comments?post=1034589"}],"version-history":[{"count":0,"href":"https:\/\/www.europesays.com\/de\/wp-json\/wp\/v2\/posts\/1034589\/revisions"}],"wp:featuredmedia":[{"embeddable":true,"href":"https:\/\/www.europesays.com\/de\/wp-json\/wp\/v2\/media\/1034009"}],"wp:attachment":[{"href":"https:\/\/www.europesays.com\/de\/wp-json\/wp\/v2\/media?parent=1034589"}],"wp:term":[{"taxonomy":"category","embeddable":true,"href":"https:\/\/www.europesays.com\/de\/wp-json\/wp\/v2\/categories?post=1034589"},{"taxonomy":"post_tag","embeddable":true,"href":"https:\/\/www.europesays.com\/de\/wp-json\/wp\/v2\/tags?post=1034589"}],"curies":[{"name":"wp","href":"https:\/\/api.w.org\/{rel}","templated":true}]}}