{"id":1034597,"date":"2026-05-21T00:55:18","date_gmt":"2026-05-21T00:55:18","guid":{"rendered":"https:\/\/www.europesays.com\/de\/1034597\/"},"modified":"2026-05-21T00:55:18","modified_gmt":"2026-05-21T00:55:18","slug":"michelin-guide-in-koeln-restaurant-kluth-in-ehrenfeld-neu-im-juni","status":"publish","type":"post","link":"https:\/\/www.europesays.com\/de\/1034597\/","title":{"rendered":"Michelin-Guide in K\u00f6ln: Restaurant Kluth in Ehrenfeld neu im Juni"},"content":{"rendered":"<p>Restaurant Kluth <\/p>\n<p>Michelin Guide nimmt Ehrenfelder Newcomer ins Programm<\/p>\n<p>21.05.2026 &#8211; 02:52 UhrLesedauer: 1 Min.<\/p>\n<p><a href=\"#focus-0\" class=\"transition-colors duration-200 block text-current relative\" data-sctrack=\"FocusGalleryImage.Reference\"><img fetchpriority=\"high\" data-testid=\"Opener.Image\"   loading=\"eager\" src=\"https:\/\/www.europesays.com\/de\/wp-content\/uploads\/2026\/05\/aussenansicht-des-restaurants-kluth-in-koeln-gehobene-nachhaltige-kueche-in-einem-50er-jahre-bau-spi.jpeg\" alt=\"imago images 0849141028\" title=\"imago images 0849141028\" width=\"1924\" height=\"1082\" class=\"bg-[url:var(--lqipURL)] bg-cover bg-center flex h-full w-full max-w-full\" style=\"--lqipURL:url('https:\/\/images.t-online.de\/2026\/05\/3Z8jcyK0nb88\/1956x300:1924x1082\/fit-in\/150x0\/filters:blur(25)\/aussenansicht-des-restaurants-kluth-in-koeln-gehobene-nachhaltige-kueche-in-einem-50er-jahre-bau-spiegelung-von-urbanem-ehrenfeld-auf-einem-autodach-exterior-view-of-restaurants-kluth-in-cologne-upscale-sustainable-kitchen-in-a-fifties-years-construction-reflection-from-urbane-ehrenfeld-at-a-car-roof-1133501970.jpg')\" decoding=\"async\"\/><img loading=\"lazy\" src=\"https:\/\/koeln.t-online.de\/s\/paper\/_next\/static\/media\/zoom-in.f7dae02f.svg\" alt=\"Vergr\u00f6\u00dfern des Bildes\" title=\"Vergr\u00f6\u00dfern des Bildes\" class=\"block h-[calc(var(--height)_\/_16_*_1rem)] w-[calc(var(--width)_\/_16_*_1rem)] max-w-none absolute bottom-8 right-8 rounded-4 bg-snow p-8\" style=\"--width:32;--height:32\" decoding=\"async\"\/><\/a><\/p>\n<p>Restaurant Kluth in K\u00f6ln (Archivbild): Das Restaurant von Hannes Radeck und Kevin Rademacker steht jetzt in Michelin Guide. (Quelle: IMAGO\/Gerd Harder\/imago)<\/p>\n<p><img loading=\"lazy\" src=\"https:\/\/koeln.t-online.de\/s\/paper\/_next\/static\/media\/audio-volume.6689034c.svg\" alt=\"\" title=\"\" class=\"block h-[calc(var(--height)_\/_16_*_1rem)] w-[calc(var(--width)_\/_16_*_1rem)] max-w-none group-hover:brightness-0 group-hover:invert\" style=\"--width:16;--height:16\" decoding=\"async\"\/>Vorlesen<\/p>\n<p>Aktuelle Zeit:0:00Gesamtdauer:0:00<\/p>\n<p>1x<\/p>\n<p class=\"text-center\">Jetzt neu bei t-online:<\/p>\n<p class=\"text-center\">Schriftgr\u00f6\u00dfe anpassen!<\/p>\n<p><img loading=\"lazy\" src=\"https:\/\/koeln.t-online.de\/s\/paper\/_next\/static\/media\/font-sizes.32942e33.svg\" alt=\"\" title=\"\" class=\"block h-[calc(var(--height)_\/_16_*_1rem)] w-[calc(var(--width)_\/_16_*_1rem)] max-w-none group-hover:hidden group-aria-expanded:hidden\" style=\"--width:16;--height:16\" decoding=\"async\"\/><img loading=\"lazy\" src=\"https:\/\/koeln.t-online.de\/s\/paper\/_next\/static\/media\/font-sizes-dark-mode.e382645c.svg\" alt=\"\" title=\"\" class=\"block h-[calc(var(--height)_\/_16_*_1rem)] w-[calc(var(--width)_\/_16_*_1rem)] max-w-none hidden group-hover:block group-aria-expanded:block\" style=\"--width:16;--height:16\" decoding=\"async\"\/><img loading=\"lazy\" src=\"https:\/\/koeln.t-online.de\/s\/paper\/_next\/static\/media\/sharing-menu-icon.1eb71368.svg\" alt=\"\" title=\"\" class=\"block h-[calc(var(--height)_\/_16_*_1rem)] w-[calc(var(--width)_\/_16_*_1rem)] max-w-none group-hover:brightness-0 group-hover:invert\" style=\"--width:16;--height:16\" decoding=\"async\"\/>Artikel teilen<\/p>\n<p class=\"font-bold text-18 leading-17 user-text-lg:text-22 user-text-xl:text-24\">Zwei K\u00f6che, die zuletzt im K\u00f6lner Restaurant Ox &amp; Klee gearbeitet haben, haben sich in Ehrenfeld selbstst\u00e4ndig gemacht. Jetzt stehen sie im Michelin-Guide.<\/p>\n<p class=\"text-18 leading-17 user-text-lg:text-22 user-text-xl:text-24\">Der Michelin-Guide hat das K\u00f6lner Restaurant Kluth im Stadtteil Ehrenfeld neu in seine Deutschland-Auswahl f\u00fcr Juni aufgenommen. Hinter dem Lokal stehen Hannes Radeck und Kevin Rademacker, die zuletzt im K\u00f6lner Restaurant Ox &amp; Klee t\u00e4tig waren und sich nun gemeinsam als Betreiber und K\u00fcchenchef selbstst\u00e4ndig gemacht haben.<\/p>\n<p class=\"text-18 leading-17 user-text-lg:text-22 user-text-xl:text-24\">Auf der Karte stehen modern-kreativ zubereitete Gerichte wie &#8222;Kartoffelbrioche, Comt\u00e9, Staudensellerie, Traube&#8220; oder &#8222;Bresse Huhn, Haselnuss, Lauch&#8220;. Neben dem \u00c0-la-carte-Angebot gibt es ein Sechs-G\u00e4nge-\u00dcberraschungsmen\u00fc namens &#8222;Et k\u00fctt wie et k\u00fctt&#8220; \u2013 laut Michelin Guide &#8222;omnivor oder vegetarisch&#8220;. Wie der Michelin Guide schreibt, liegt der Fokus im Kluth auf saisonalen Zutaten in Bioqualit\u00e4t; viele Produkte werden eingelegt und fermentiert. Als dekoratives Element dienen Einmachgl\u00e4ser.<\/p>\n<p>Schlicht eingerichtetes Restaurant<\/p>\n<p class=\"text-18 leading-17 user-text-lg:text-22 user-text-xl:text-24\">Das Lokal ist schlicht eingerichtet. G\u00e4ste k\u00f6nnen an normalen Tischen, an Hochtischen oder an der Servicetheke sitzen. Der Michelin-Guide empfiehlt, vorab zu reservieren.<\/p>\n<p class=\"text-18 leading-17 user-text-lg:text-22 user-text-xl:text-24\">Neben dem Kluth nahm der <a class=\"transition-colors duration-200 cursor-pointer text-inherit no-underline text-salemsfur md:hover:text-magenta md:hover:border-magenta md:focus:text-magenta border-current border-b border-solid break-words\" data-tracking=\"{&quot;action&quot;:&quot;click&quot;,&quot;category&quot;:&quot;intextLink&quot;,&quot;label&quot;:&quot;https:\/\/berlin.t-online.de\/region\/berlin\/id_101263404\/michelin-guide-in-berlin-norms-byblos-und-salhino-neu-in-juni-liste.html&quot;}\" href=\"https:\/\/berlin.t-online.de\/region\/berlin\/id_101263404\/michelin-guide-in-berlin-norms-byblos-und-salhino-neu-in-juni-liste.html\" data-sctrack=\"BodyAnchor\" rel=\"nofollow noopener\" target=\"_blank\">Michelin-Guide im Juni auch Restaurants in Berlin<\/a>, Hamburg, Hannover, Leipzig, Stuttgart und Bonn neu auf.<\/p>\n","protected":false},"excerpt":{"rendered":"Restaurant Kluth Michelin Guide nimmt Ehrenfelder Newcomer ins Programm 21.05.2026 &#8211; 02:52 UhrLesedauer: 1 Min. Restaurant Kluth in&hellip;\n","protected":false},"author":2,"featured_media":1034598,"comment_status":"","ping_status":"","sticky":false,"template":"","format":"standard","meta":{"footnotes":"","_share_on_mastodon":"0"},"categories":[1828],"tags":[722,3176,29,11128,30,221918,1420,28989,1209,1598],"class_list":["post-1034597","post","type-post","status-publish","format-standard","has-post-thumbnail","category-koeln","tag-722","tag-3176","tag-deutschland","tag-ehrenfeld","tag-germany","tag-hannes-radeck","tag-koeln","tag-michelin","tag-nordrhein-westfalen","tag-restaurant"],"share_on_mastodon":{"url":"https:\/\/pubeurope.com\/@de\/116609845609909054","error":""},"_links":{"self":[{"href":"https:\/\/www.europesays.com\/de\/wp-json\/wp\/v2\/posts\/1034597","targetHints":{"allow":["GET"]}}],"collection":[{"href":"https:\/\/www.europesays.com\/de\/wp-json\/wp\/v2\/posts"}],"about":[{"href":"https:\/\/www.europesays.com\/de\/wp-json\/wp\/v2\/types\/post"}],"author":[{"embeddable":true,"href":"https:\/\/www.europesays.com\/de\/wp-json\/wp\/v2\/users\/2"}],"replies":[{"embeddable":true,"href":"https:\/\/www.europesays.com\/de\/wp-json\/wp\/v2\/comments?post=1034597"}],"version-history":[{"count":0,"href":"https:\/\/www.europesays.com\/de\/wp-json\/wp\/v2\/posts\/1034597\/revisions"}],"wp:featuredmedia":[{"embeddable":true,"href":"https:\/\/www.europesays.com\/de\/wp-json\/wp\/v2\/media\/1034598"}],"wp:attachment":[{"href":"https:\/\/www.europesays.com\/de\/wp-json\/wp\/v2\/media?parent=1034597"}],"wp:term":[{"taxonomy":"category","embeddable":true,"href":"https:\/\/www.europesays.com\/de\/wp-json\/wp\/v2\/categories?post=1034597"},{"taxonomy":"post_tag","embeddable":true,"href":"https:\/\/www.europesays.com\/de\/wp-json\/wp\/v2\/tags?post=1034597"}],"curies":[{"name":"wp","href":"https:\/\/api.w.org\/{rel}","templated":true}]}}