{"id":1034632,"date":"2026-05-21T01:16:25","date_gmt":"2026-05-21T01:16:25","guid":{"rendered":"https:\/\/www.europesays.com\/de\/1034632\/"},"modified":"2026-05-21T01:16:25","modified_gmt":"2026-05-21T01:16:25","slug":"weitere-jobs-fallen-weg-basf-dreht-erneut-an-der-sparschraube-fixkosten-im-blick","status":"publish","type":"post","link":"https:\/\/www.europesays.com\/de\/1034632\/","title":{"rendered":"Weitere Jobs fallen weg: BASF dreht erneut an der Sparschraube &#8211; Fixkosten im Blick"},"content":{"rendered":"<p>Weitere Jobs fallen wegBASF dreht erneut an der Sparschraube &#8211; Fixkosten im Blick<\/p>\n<p>20.05.2026, 18:23 Uhr <\/p>\n<p>Artikel anh\u00f6ren(04:18 min)<\/p>\n<p><img decoding=\"async\" class=\"Image_img__fQCi0 Image_Img_16_9__4BLfH widget-picture-inline_maximizable__t_E7h\" loading=\"eager\" fetchpriority=\"high\" src=\"https:\/\/www.europesays.com\/de\/wp-content\/uploads\/2026\/05\/Ein-Schornstein-mit-der-Aufschrift-BASF-steht-auf-dem-Werksgelaende-des-Chemiekonzerns-BASF.webp\" alt=\"Ein-Schornstein-mit-der-Aufschrift-BASF-steht-auf-dem-Werksgelaende-des-Chemiekonzerns-BASF\"\/>BASF strafft seit Jahren die Kostenseite. (Foto: picture alliance\/dpa)TeilenFolgen auf:<a href=\"https:\/\/www.whatsapp.com\/channel\/0029Va5cdVJD8SDp5YZgYF01\" title=\"Auf WhatsApp folgen\" target=\"_blank\" rel=\"nofollow noopener\"><img decoding=\"async\" src=\"https:\/\/www.n-tv.de\/socialIcons\/whatsapp.svg\" alt=\"whatsapp\" class=\"ArticleShare_icon__FsrC2\"\/><\/a><a href=\"https:\/\/www.google.com\/preferences\/source?q=n-tv.de\" title=\"ntv als bevorzugte Quelle auf Google hinzuf\u00fcgen\" target=\"_blank\" rel=\"nofollow noopener\"><img decoding=\"async\" src=\"https:\/\/www.n-tv.de\/socialIcons\/google.svg\" alt=\"whatsapp\" class=\"ArticleShare_icon__FsrC2\"\/><\/a><\/p>\n<p class=\"Typography_text-m__XI0da Typography_weight-bold__uT6mq storyline_lead_text_leadtext__q_wg8\">Noch ist die genaue Zahl nicht bekannt, doch BASF setzt beim Personal nochmals den Rotstift an. Innerhalb der n\u00e4chsten zweieinhalb Jahre soll jeder f\u00fcnfte Euro bei den festen Ausgaben eingespart werden. Erneut verkauft der Chemieriese eine Abteilung.<\/p>\n<p class=\"Typography_text-default__P3otY Typography_weight-normal__pqUbH storyline_paragraph_p__qSR5N\">Der Chemiekonzern BASF versch\u00e4rft den Sparkurs und streicht im Zuge eines weiteren gro\u00dfen Umbauprogramms weitere Stellen. Bis 2029 sollen die zahlungswirksamen Fixkosten im Kerngesch\u00e4ft um bis zu 20 Prozent im Vergleich zu 2024 sinken, teilte das Unternehmen in Ludwigshafen mit. Vorstandschef Markus Kamieth machte im &#8222;Handelsblatt&#8220; klar, dass dies mit einem weiteren Personalabbau einhergehe. &#8222;Es ist eines der gr\u00f6\u00dften Optimierungsprogramme f\u00fcr die BASF, ein neues Betriebssystem f\u00fcr den Konzern&#8220;, sagte der Manager. &#8222;Es wird zu einem neuen Kerngesch\u00e4ft mit weniger Personal f\u00fchren.&#8220;<\/p>\n<p class=\"Typography_text-default__P3otY Typography_weight-normal__pqUbH storyline_paragraph_p__qSR5N\">Wie viele Arbeitspl\u00e4tze genau wegfallen, lie\u00df Kamieth offen. Er k\u00fcndigte jedoch Gespr\u00e4che mit den Arbeitnehmervertretern an. Am Stammsitz in Ludwigshafen sind seit Anfang 2024 bereits rund 2800 Stellen weggefallen. Das neue Programm mit dem Namen &#8222;CoreShift&#8220; zielt auf die vier Kernsparten Chemicals, Materials, Industrial Solutions und Nutrition &amp; Care ab, die zusammen auf einen Umsatz von rund 40 Milliarden Euro kommen. Dem &#8222;Handelsblatt&#8220; zufolge sollen die Kosten um eine Milliardensumme sinken. Personalkosten sollen einen gro\u00dfen Teil der Einsparungen ausmachen.<\/p>\n<p class=\"Typography_text-default__P3otY Typography_weight-normal__pqUbH storyline_paragraph_p__qSR5N\">Kamieth betonte, der Schritt sei keine Reaktion auf eine sich m\u00f6glicherweise weiter verschlechternde Konjunktur, sondern Teil der Strategie. BASF hat seit 2023 bereits Projekte mit Einsparungen von \u00fcber 2,3 Milliarden Euro gestartet, die bis Ende 2026 abgeschlossen sein sollen. Die neuen K\u00fcrzungen sollen diese Summe \u00fcbersteigen. Geleitet wird der Umbau von der bisherigen Europachefin Julia Raquet, die ein neu geschaffenes Transformationsb\u00fcro f\u00fchrt und direkt an Kamieth berichtet.<\/p>\n<p class=\"Typography_text-default__P3otY Typography_weight-normal__pqUbH storyline_paragraph_p__qSR5N\">Zu den Ma\u00dfnahmen geh\u00f6ren laut BASF die Restrukturierung des gr\u00f6\u00dften Produktionsstandorts am Firmensitz in Ludwigshafen sowie die schon im Februar angek\u00fcndigte Neuausrichtung der weltweiten Service-Einheiten. Prozesse sollen vereinfacht, IT-L\u00f6sungen standardisiert und K\u00fcnstliche Intelligenz verst\u00e4rkt eingesetzt werden. Dabei ist unter anderem geplant, Stellen vom Berliner BASF-Standort nach Indien zu verlagern. Wie viele der 8500 Arbeitspl\u00e4tze bei Global Business Service entfallen, ist noch unklar.<\/p>\n<p class=\"Typography_text-default__P3otY Typography_weight-normal__pqUbH storyline_paragraph_p__qSR5N\">BASF konzentriert sich nach der Trennung von Randbereichen auf das Kerngesch\u00e4ft: Die Mehrheit am Coatings-Gesch\u00e4ft wurde bereits an den Finanzinvestor Carlyle verkauft, die Agrarsparte soll im kommenden Jahr reif f\u00fcr den B\u00f6rsengang eines Minderheitsanteils sein.\u00a0Zudem meldet der Dax-Konzern den Verkauf des Silikategesch\u00e4ft. Die Natriumsilikat-Sparte und die damit verbundenen Unternehmensteile in D\u00fcsseldorf-Holthausen gehen an den US-Rivalen PQ. Bei BASF z\u00e4hlte das Silikat-Gesch\u00e4ft bisher nur Waschmittel- und Kosmetik-Sparte Care Chemicals.<\/p>\n<p class=\"Typography_text-default__P3otY Typography_weight-normal__pqUbH storyline_paragraph_p__qSR5N\">Im ersten Quartal des laufenden Jahres gab es bei dem Chemiekonzern weltweit 106.428 Besch\u00e4ftigte und damit rund 5000 weniger als im ersten Quartal des Vorjahres. Im Stammwerk arbeitet mit etwa 33.000 Menschen rund ein Drittel der weltweiten Besch\u00e4ftigten. Bis Ende 2028 verzichtet BASF auf betriebsbedingte K\u00fcndigungen in Ludwigshafen und investiert Milliarden im dortigen Stammwerk. Darauf hatten sich der Konzern und die Arbeitnehmervertretungen Ende 2025 in einer neuen Standortvereinbarung verst\u00e4ndigt.<\/p>\n<p class=\"Typography_text-s__wu_cm Typography_weight-normal__pqUbH Typography_color-darkgrey__sZEnP article-detail-footer_source__KslPc\">Quelle: ntv.de, jwu\/rts\/dpa<\/p>\n","protected":false},"excerpt":{"rendered":"Weitere Jobs fallen wegBASF dreht erneut an der Sparschraube &#8211; Fixkosten im Blick 20.05.2026, 18:23 Uhr Artikel anh\u00f6ren(04:18&hellip;\n","protected":false},"author":2,"featured_media":1034633,"comment_status":"","ping_status":"","sticky":false,"template":"","format":"standard","meta":{"footnotes":"","_share_on_mastodon":"0"},"categories":[134],"tags":[3948,175,15443,170,169,29,30,171,174,111519,19726,173,172,55],"class_list":["post-1034632","post","type-post","status-publish","format-standard","has-post-thumbnail","category-unternehmen-maerkte","tag-basf","tag-business","tag-chemieindustrie","tag-companies","tag-companies-markets","tag-deutschland","tag-germany","tag-markets","tag-maerkte","tag-sparprogramm","tag-stellenabbau","tag-unternehmen","tag-unternehmen-maerkte","tag-wirtschaft"],"share_on_mastodon":{"url":"https:\/\/pubeurope.com\/@de\/116609927749762372","error":""},"_links":{"self":[{"href":"https:\/\/www.europesays.com\/de\/wp-json\/wp\/v2\/posts\/1034632","targetHints":{"allow":["GET"]}}],"collection":[{"href":"https:\/\/www.europesays.com\/de\/wp-json\/wp\/v2\/posts"}],"about":[{"href":"https:\/\/www.europesays.com\/de\/wp-json\/wp\/v2\/types\/post"}],"author":[{"embeddable":true,"href":"https:\/\/www.europesays.com\/de\/wp-json\/wp\/v2\/users\/2"}],"replies":[{"embeddable":true,"href":"https:\/\/www.europesays.com\/de\/wp-json\/wp\/v2\/comments?post=1034632"}],"version-history":[{"count":0,"href":"https:\/\/www.europesays.com\/de\/wp-json\/wp\/v2\/posts\/1034632\/revisions"}],"wp:featuredmedia":[{"embeddable":true,"href":"https:\/\/www.europesays.com\/de\/wp-json\/wp\/v2\/media\/1034633"}],"wp:attachment":[{"href":"https:\/\/www.europesays.com\/de\/wp-json\/wp\/v2\/media?parent=1034632"}],"wp:term":[{"taxonomy":"category","embeddable":true,"href":"https:\/\/www.europesays.com\/de\/wp-json\/wp\/v2\/categories?post=1034632"},{"taxonomy":"post_tag","embeddable":true,"href":"https:\/\/www.europesays.com\/de\/wp-json\/wp\/v2\/tags?post=1034632"}],"curies":[{"name":"wp","href":"https:\/\/api.w.org\/{rel}","templated":true}]}}