{"id":1034721,"date":"2026-05-21T02:07:15","date_gmt":"2026-05-21T02:07:15","guid":{"rendered":"https:\/\/www.europesays.com\/de\/1034721\/"},"modified":"2026-05-21T02:07:15","modified_gmt":"2026-05-21T02:07:15","slug":"leipzig-festival-holt-wagner-ins-rampenlicht","status":"publish","type":"post","link":"https:\/\/www.europesays.com\/de\/1034721\/","title":{"rendered":"Leipzig: Festival holt Wagner ins Rampenlicht"},"content":{"rendered":"<p><a name=\"kuchentafel\">Kuchentafel <\/a>f\u00fcr alle und Festkonzert<\/p>\n<p class=\"text\">\nDas sollen die Wagner-Festtage \u00e4ndern. Daf\u00fcr seien neu gewonnene Partner wie der MDR oder die Kirchgemeinde St. Nikolai wichtig, so Arens. Die MDR-Sinfoniker gestalten das Festkonzert zum Wagner-Geburtstag am Freitagabend im Paulinum.\n<\/p>\n<p class=\"text\">\nBereits am Nachmittag wird zu einer Geburtstagsfeier mit Performance und Musik geladen, open air und bei freiem Eintritt auf dem Richard-Wagner-Platz. In der Nikolaikirche gibt es ein Nachtkonzert mit Musik aus Wagners &#8222;Parzifal&#8220; in einer Fassung f\u00fcr Orgel und Klavier, das Universit\u00e4tsmusikdirektor David Timm und Rolf-Dieter Arens bestreiten werden.\n<\/p>\n<p>Familiengeschichte: Deep Dive mit Nike Wagner<\/p>\n<p class=\"text\">\nArens freut sich schlie\u00dflich besonders, dass  es ihm &#8222;gelungen ist, Nike Wagner nach Leipzig zu locken&#8220;. Die Kulturwissenschaftlerin, die sich intensiv mit Wagners offen antisemitischen Thesen und den Verstrickungen der Wagner-Familie in der NS-Zeit auseinandersetzte, wird in einem Vortrag im Festsaal des Alten Rathauses \u00fcber die besondere K\u00fcnstler-Freundschaft zwischen ihrem Urgro\u00dfvater <a href=\"https:\/\/www.mdr.de\/kultur\/dresden-beruehmte-personen-kultur-104.html\" title=\"Aus Dresden: 28 Pers\u00f6nlichkeiten von Erich K\u00e4stner bis Gerhard Richter\" rel=\"nofollow noopener\" target=\"_blank\">Richard Wagner<\/a> und ihrem Ururgro\u00dfvater Franz Liszt sprechen.\n<\/p>\n<p class=\"text\">\nAm Pfingstmontag enden die Festtage mit einem gro\u00dfen Opern-Abend mit Arien von Mozart bis Wagner, die pr\u00e4sentiert der Meisterkurs Gesang in der Richard-Wagner-Aula der Alten Nikolaischule, die einer der wenigen noch authentischen Wagner-Orte in der Stadt ist.\n<\/p>\n<p class=\"text\">\nQuelle: MDR KLASSIK, Wagner-Festtage Leipzig; Redaktionelle Bearbeitung: ks<\/p>\n","protected":false},"excerpt":{"rendered":"Kuchentafel f\u00fcr alle und Festkonzert Das sollen die Wagner-Festtage \u00e4ndern. Daf\u00fcr seien neu gewonnene Partner wie der MDR&hellip;\n","protected":false},"author":2,"featured_media":1034722,"comment_status":"","ping_status":"","sticky":false,"template":"","format":"standard","meta":{"footnotes":"","_share_on_mastodon":"0"},"categories":[1832],"tags":[3364,29,5561,30,66,71,81,810,151936,7529,859,2648],"class_list":["post-1034721","post","type-post","status-publish","format-standard","has-post-thumbnail","category-leipzig","tag-de","tag-deutschland","tag-festival","tag-germany","tag-kulturnachrichten","tag-leipzig","tag-mdr","tag-musik","tag-programm-2026","tag-romantik","tag-sachsen","tag-wagner"],"share_on_mastodon":{"url":"https:\/\/pubeurope.com\/@de\/116610128063070250","error":""},"_links":{"self":[{"href":"https:\/\/www.europesays.com\/de\/wp-json\/wp\/v2\/posts\/1034721","targetHints":{"allow":["GET"]}}],"collection":[{"href":"https:\/\/www.europesays.com\/de\/wp-json\/wp\/v2\/posts"}],"about":[{"href":"https:\/\/www.europesays.com\/de\/wp-json\/wp\/v2\/types\/post"}],"author":[{"embeddable":true,"href":"https:\/\/www.europesays.com\/de\/wp-json\/wp\/v2\/users\/2"}],"replies":[{"embeddable":true,"href":"https:\/\/www.europesays.com\/de\/wp-json\/wp\/v2\/comments?post=1034721"}],"version-history":[{"count":0,"href":"https:\/\/www.europesays.com\/de\/wp-json\/wp\/v2\/posts\/1034721\/revisions"}],"wp:featuredmedia":[{"embeddable":true,"href":"https:\/\/www.europesays.com\/de\/wp-json\/wp\/v2\/media\/1034722"}],"wp:attachment":[{"href":"https:\/\/www.europesays.com\/de\/wp-json\/wp\/v2\/media?parent=1034721"}],"wp:term":[{"taxonomy":"category","embeddable":true,"href":"https:\/\/www.europesays.com\/de\/wp-json\/wp\/v2\/categories?post=1034721"},{"taxonomy":"post_tag","embeddable":true,"href":"https:\/\/www.europesays.com\/de\/wp-json\/wp\/v2\/tags?post=1034721"}],"curies":[{"name":"wp","href":"https:\/\/api.w.org\/{rel}","templated":true}]}}