{"id":1034775,"date":"2026-05-21T02:35:26","date_gmt":"2026-05-21T02:35:26","guid":{"rendered":"https:\/\/www.europesays.com\/de\/1034775\/"},"modified":"2026-05-21T02:35:26","modified_gmt":"2026-05-21T02:35:26","slug":"bauer-sucht-frau-international-trennung-bei-martin-und-vanessa","status":"publish","type":"post","link":"https:\/\/www.europesays.com\/de\/1034775\/","title":{"rendered":"&#8222;Bauer sucht Frau International&#8220;: Trennung bei Martin und Vanessa"},"content":{"rendered":"<p>Liebes-Aus bei Martin und Vanessa <\/p>\n<p>&#8222;Bauer sucht Frau International&#8220;-Paar hat sich getrennt<\/p>\n<p>20.05.2026 &#8211; 19:30 UhrLesedauer: 2 Min.<\/p>\n<p><a href=\"#focus-0\" class=\"transition-colors duration-200 block text-current relative\" data-sctrack=\"FocusGalleryImage.Reference\"><img fetchpriority=\"high\" data-testid=\"Opener.Image\"   loading=\"eager\" src=\"https:\/\/www.europesays.com\/de\/wp-content\/uploads\/2026\/05\/bauer-sucht-frau-international-winzer-martin-lud-vanessa-zu-sich-in-die-toskana-ein.jpg\" alt=\"&quot;Bauer sucht Frau International&quot;: Winzer Martin lud Vanessa zu sich in die Toskana ein.\" title=\"&quot;Bauer sucht Frau International&quot;: Winzer Martin lud Vanessa zu sich in die Toskana ein.\" width=\"1069\" height=\"602\" class=\"bg-[url:var(--lqipURL)] bg-cover bg-center flex h-full w-full max-w-full\" style=\"--lqipURL:url('https:\/\/images.t-online.de\/2025\/07\/FdmHIwjya3Kt\/308x48:1069x602\/fit-in\/150x0\/filters:blur(25)\/bauer-sucht-frau-international-winzer-martin-lud-vanessa-zu-sich-in-die-toskana-ein.jpg')\" decoding=\"async\"\/><img loading=\"lazy\" src=\"https:\/\/www.t-online.de\/s\/paper\/_next\/static\/media\/zoom-in.f7dae02f.svg\" alt=\"Vergr\u00f6\u00dfern des Bildes\" title=\"Vergr\u00f6\u00dfern des Bildes\" class=\"block h-[calc(var(--height)_\/_16_*_1rem)] w-[calc(var(--width)_\/_16_*_1rem)] max-w-none absolute bottom-8 right-8 rounded-4 bg-snow p-8\" style=\"--width:32;--height:32\" decoding=\"async\"\/><\/a><\/p>\n<p>&#8222;Bauer sucht Frau International&#8220;: Winzer Martin lud Vanessa zu sich in die Toskana ein. (Quelle: RTL)<\/p>\n<p><img loading=\"lazy\" src=\"https:\/\/www.t-online.de\/s\/paper\/_next\/static\/media\/audio-volume.6689034c.svg\" alt=\"\" title=\"\" class=\"block h-[calc(var(--height)_\/_16_*_1rem)] w-[calc(var(--width)_\/_16_*_1rem)] max-w-none group-hover:brightness-0 group-hover:invert\" style=\"--width:16;--height:16\" decoding=\"async\"\/>Vorlesen<\/p>\n<p>Aktuelle Zeit:0:00Gesamtdauer:0:00<\/p>\n<p>1x<\/p>\n<p class=\"text-center\">Jetzt neu bei t-online:<\/p>\n<p class=\"text-center\">Schriftgr\u00f6\u00dfe anpassen!<\/p>\n<p><img loading=\"lazy\" src=\"https:\/\/www.t-online.de\/s\/paper\/_next\/static\/media\/font-sizes.32942e33.svg\" alt=\"\" title=\"\" class=\"block h-[calc(var(--height)_\/_16_*_1rem)] w-[calc(var(--width)_\/_16_*_1rem)] max-w-none group-hover:hidden group-aria-expanded:hidden\" style=\"--width:16;--height:16\" decoding=\"async\"\/><img loading=\"lazy\" src=\"https:\/\/www.t-online.de\/s\/paper\/_next\/static\/media\/font-sizes-dark-mode.e382645c.svg\" alt=\"\" title=\"\" class=\"block h-[calc(var(--height)_\/_16_*_1rem)] w-[calc(var(--width)_\/_16_*_1rem)] max-w-none hidden group-hover:block group-aria-expanded:block\" style=\"--width:16;--height:16\" decoding=\"async\"\/><img loading=\"lazy\" src=\"https:\/\/www.t-online.de\/s\/paper\/_next\/static\/media\/sharing-menu-icon.1eb71368.svg\" alt=\"\" title=\"\" class=\"block h-[calc(var(--height)_\/_16_*_1rem)] w-[calc(var(--width)_\/_16_*_1rem)] max-w-none group-hover:brightness-0 group-hover:invert\" style=\"--width:16;--height:16\" decoding=\"async\"\/>Artikel teilen<\/p>\n<p class=\"font-bold text-18 leading-17 user-text-lg:text-22 user-text-xl:text-24\">In der siebten Staffel von &#8222;Bauer sucht Frau International&#8220; wurden Martin und Vanessa ein Paar. Jetzt verr\u00e4t der Winzer: Er ist wieder Single.<\/p>\n<p class=\"text-18 leading-17 user-text-lg:text-22 user-text-xl:text-24\">2025 konnten RTL-Zuschauer bei &#8222;Bauer sucht Frau International&#8220; die Liebesgeschichte von Martin und Vanessa verfolgen. Kennengelernt hatten sich die beiden w\u00e4hrend der Hofwoche in der <a class=\"transition-colors duration-200 cursor-pointer text-inherit no-underline text-salemsfur md:hover:text-magenta md:hover:border-magenta md:focus:text-magenta border-current border-b border-solid break-words\" data-tracking=\"{&quot;action&quot;:&quot;click&quot;,&quot;category&quot;:&quot;intextLink&quot;,&quot;label&quot;:&quot;\/themen\/toskana\/&quot;}\" href=\"https:\/\/www.t-online.de\/themen\/toskana\/\" data-sctrack=\"BodyAnchor\" rel=\"nofollow noopener\" target=\"_blank\">Toskana<\/a>. Beim gro\u00dfen Finale verk\u00fcndeten sie in einer Videobotschaft, dass sie offiziell ein Paar sind. Doch inzwischen sind sie getrennt.<\/p>\n<p class=\"text-18 leading-17 user-text-lg:text-22 user-text-xl:text-24\">Das erz\u00e4hlte Martin in einem Instagram-Video. &#8222;Es gibt eine sehr wichtige Sache in meinem Privatleben, die ich immer wieder gefragt werde und wo ich selbst einmal Zeit gebraucht habe, das f\u00fcr mich aufzuarbeiten. Es ist schon im letzten Jahr passiert: Vanessa und ich sind kein Paar mehr&#8220;, lie\u00df er seine Follower wissen.<\/p>\n<ul class=\"text-18 leading-17 block pl-24 *:pb-16 *:before:inline-block *:before:size-8 *:before:bg-magenta *:before:-ml-[20px] *:before:mb-2 *:before:mr-12 *:before:mt-0\">\n<li><strong class=\"font-bold\">Sie reagiert auf Kritik:<\/strong> <a class=\"transition-colors duration-200 cursor-pointer text-inherit no-underline text-salemsfur md:hover:text-magenta md:hover:border-magenta md:focus:text-magenta border-current border-b border-solid break-words\" data-tracking=\"{&quot;action&quot;:&quot;click&quot;,&quot;category&quot;:&quot;intextLink&quot;,&quot;label&quot;:&quot;\/unterhaltung\/stars\/id_101225308\/-bauer-sucht-frau-ex-kandidatin-katja-liebt-jetzt-eine-frau.html&quot;}\" href=\"https:\/\/www.t-online.de\/unterhaltung\/stars\/id_101225308\/-bauer-sucht-frau-ex-kandidatin-katja-liebt-jetzt-eine-frau.html\" data-sctrack=\"BodyAnchor\" rel=\"nofollow noopener\" target=\"_blank\">Ex-&#8222;Bauer sucht Frau&#8220;-Kandidatin Katja liebt jetzt eine Frau<\/a><\/li>\n<li><strong class=\"font-bold\">&#8222;Bauer sucht Frau International&#8220;:<\/strong> <a class=\"transition-colors duration-200 cursor-pointer text-inherit no-underline text-salemsfur md:hover:text-magenta md:hover:border-magenta md:focus:text-magenta border-current border-b border-solid break-words\" data-tracking=\"{&quot;action&quot;:&quot;click&quot;,&quot;category&quot;:&quot;intextLink&quot;,&quot;label&quot;:&quot;\/unterhaltung\/tv\/id_101253818\/rtl-show-bauer-sucht-frau-international-das-gab-es-noch-nie.html&quot;}\" href=\"https:\/\/www.t-online.de\/unterhaltung\/tv\/id_101253818\/rtl-show-bauer-sucht-frau-international-das-gab-es-noch-nie.html\" data-sctrack=\"BodyAnchor\" rel=\"nofollow noopener\" target=\"_blank\">Farmerin Annette k\u00f6nnte sich eine Dreierbeziehung vorstellen<\/a><\/li>\n<\/ul>\n<p class=\"text-18 leading-17 user-text-lg:text-22 user-text-xl:text-24\">\u00dcber die Trennungsgr\u00fcnde schweigt er. &#8222;Ich bitte um Verst\u00e4ndnis, dass ich mich nicht \u00f6ffentlich dazu \u00e4u\u00dfern werde, warum das mit Vanessa und mir nicht weitergegangen ist&#8220;, so Martin. Er f\u00fcgt hinzu: &#8222;Es ist halt nicht jedem Paar verg\u00f6nnt, dass sie sich mit einer Familie verewigen.&#8220;<\/p>\n<p><img loading=\"lazy\" src=\"https:\/\/www.t-online.de\/s\/paper\/_next\/static\/media\/video-carousel-play.6f25714b.svg\" alt=\"\" title=\"\" class=\"block h-[calc(var(--height)_\/_16_*_1rem)] w-[calc(var(--width)_\/_16_*_1rem)] max-w-none undefined\" style=\"--height:12\" decoding=\"async\"\/><\/p>\n<p>Winzer Martin startet Liebes-Aufruf<\/p>\n<p class=\"text-18 leading-17 user-text-lg:text-22 user-text-xl:text-24\">Trotzdem blickt der Weingut-Besitzer nach vorne. Er sei &#8222;sozusagen wieder auf dem Markt&#8220;. Aus diesem Grund startete er in dem Video auch direkt einen Aufruf. &#8222;Vielleicht wisst ihr eine da drau\u00dfen, vielleicht bist du es. Vielleicht die beste Freundin, die Schwester, die Enkelin. [&#8230;] Man wei\u00df ja nie&#8220;, merkte er an. Seine Follower dr\u00fccken ihm in den Kommentaren die Daumen.<\/p>\n<p class=\"text-18 leading-17 user-text-lg:text-22 user-text-xl:text-24\">Vanessa hingegen schweigt bisher zu dem Liebes-Aus. Bis September 2025 hatte sie auf Instagram noch ihr Leben in der Toskana dokumentiert. Seither ist allerdings Ruhe eingekehrt.<\/p>\n","protected":false},"excerpt":{"rendered":"Liebes-Aus bei Martin und Vanessa &#8222;Bauer sucht Frau International&#8220;-Paar hat sich getrennt 20.05.2026 &#8211; 19:30 UhrLesedauer: 2 Min.&hellip;\n","protected":false},"author":2,"featured_media":1034776,"comment_status":"","ping_status":"","sticky":false,"template":"","format":"standard","meta":{"footnotes":"","_share_on_mastodon":"0"},"categories":[155],"tags":[6631,29,214,30,152,20926,640,78767,215],"class_list":["post-1034775","post","type-post","status-publish","format-standard","has-post-thumbnail","category-unterhaltung","tag-bauer-sucht-frau","tag-deutschland","tag-entertainment","tag-germany","tag-instagram","tag-martin","tag-rtl","tag-toskana","tag-unterhaltung"],"share_on_mastodon":{"url":"https:\/\/pubeurope.com\/@de\/116610238636364020","error":""},"_links":{"self":[{"href":"https:\/\/www.europesays.com\/de\/wp-json\/wp\/v2\/posts\/1034775","targetHints":{"allow":["GET"]}}],"collection":[{"href":"https:\/\/www.europesays.com\/de\/wp-json\/wp\/v2\/posts"}],"about":[{"href":"https:\/\/www.europesays.com\/de\/wp-json\/wp\/v2\/types\/post"}],"author":[{"embeddable":true,"href":"https:\/\/www.europesays.com\/de\/wp-json\/wp\/v2\/users\/2"}],"replies":[{"embeddable":true,"href":"https:\/\/www.europesays.com\/de\/wp-json\/wp\/v2\/comments?post=1034775"}],"version-history":[{"count":0,"href":"https:\/\/www.europesays.com\/de\/wp-json\/wp\/v2\/posts\/1034775\/revisions"}],"wp:featuredmedia":[{"embeddable":true,"href":"https:\/\/www.europesays.com\/de\/wp-json\/wp\/v2\/media\/1034776"}],"wp:attachment":[{"href":"https:\/\/www.europesays.com\/de\/wp-json\/wp\/v2\/media?parent=1034775"}],"wp:term":[{"taxonomy":"category","embeddable":true,"href":"https:\/\/www.europesays.com\/de\/wp-json\/wp\/v2\/categories?post=1034775"},{"taxonomy":"post_tag","embeddable":true,"href":"https:\/\/www.europesays.com\/de\/wp-json\/wp\/v2\/tags?post=1034775"}],"curies":[{"name":"wp","href":"https:\/\/api.w.org\/{rel}","templated":true}]}}