{"id":1034855,"date":"2026-05-21T03:24:46","date_gmt":"2026-05-21T03:24:46","guid":{"rendered":"https:\/\/www.europesays.com\/de\/1034855\/"},"modified":"2026-05-21T03:24:46","modified_gmt":"2026-05-21T03:24:46","slug":"radfahrer-bei-unfall-in-radebeul-verletzt","status":"publish","type":"post","link":"https:\/\/www.europesays.com\/de\/1034855\/","title":{"rendered":"Radfahrer bei Unfall in Radebeul verletzt"},"content":{"rendered":"<p>In Audi eingebrochen<\/p>\n<ul>\n<li>Zeit: Dienstag, 19. Mai 2026, 17:50 Uhr bis 18:05 Uhr<\/li>\n<li>Ort: Radebeul, Kaditzer Stra\u00dfe<\/li>\n<\/ul>\n<p>Auf einem Parkplatz an der Kaditzer Stra\u00dfe sind Unbekannte in einen Audi A6 eingebrochen. Die T\u00e4ter zerschlugen eine Seitenscheibe und stahlen eine Tasche. Darin befanden sich unter anderem eine Geldb\u00f6rse mit Bargeld, Dokumente und Geldkarten. Der Wert des Diebesguts wurde mit etwa 800 Euro angegeben. Der Sachschaden betr\u00e4gt rund 500 Euro.<\/p>\n<p>Bei Auffahrunfall verletzt<\/p>\n<ul>\n<li>Zeit: Dienstag, 19. Mai 2026, 15:35 Uhr<\/li>\n<li>Ort: Dresden-Trachenberge, Radeburger Stra\u00dfe<\/li>\n<\/ul>\n<p>Auf der Radeburger Stra\u00dfe ist am Dienstag eine Frau (28) bei einem Auffahrunfall verletzt worden. Ein 28-J\u00e4hriger fuhr mit einem VW Golf auf der Radeburger Stra\u00dfe. Als er in H\u00f6he des Pappelwegs verkehrsbedingt anhalten musste, fuhr ein 24-J\u00e4hriger mit einem BMW 3er auf den VW auf. Die 28-j\u00e4hrige Beifahrerin im VW wurde leicht verletzt. Die H\u00f6he des Sachschadens ist noch nicht bekannt.<\/p>\n","protected":false},"excerpt":{"rendered":"In Audi eingebrochen Zeit: Dienstag, 19. Mai 2026, 17:50 Uhr bis 18:05 Uhr Ort: Radebeul, Kaditzer Stra\u00dfe Auf&hellip;\n","protected":false},"author":2,"featured_media":1034856,"comment_status":"","ping_status":"","sticky":false,"template":"","format":"standard","meta":{"footnotes":"","_share_on_mastodon":"0"},"categories":[1835],"tags":[764,23811,3364,29,2386,2819,2805,32811,30,121,6906,2465,859,16116],"class_list":["post-1034855","post","type-post","status-publish","format-standard","has-post-thumbnail","category-dresden","tag-audi","tag-auffahrunfall","tag-de","tag-deutschland","tag-dresden","tag-einbruch","tag-explosion","tag-fahrradunfall","tag-germany","tag-polizei","tag-radebeul","tag-radfahrer","tag-sachsen","tag-zigarettenautomat"],"share_on_mastodon":{"url":"https:\/\/pubeurope.com\/@de\/116610430948652089","error":""},"_links":{"self":[{"href":"https:\/\/www.europesays.com\/de\/wp-json\/wp\/v2\/posts\/1034855","targetHints":{"allow":["GET"]}}],"collection":[{"href":"https:\/\/www.europesays.com\/de\/wp-json\/wp\/v2\/posts"}],"about":[{"href":"https:\/\/www.europesays.com\/de\/wp-json\/wp\/v2\/types\/post"}],"author":[{"embeddable":true,"href":"https:\/\/www.europesays.com\/de\/wp-json\/wp\/v2\/users\/2"}],"replies":[{"embeddable":true,"href":"https:\/\/www.europesays.com\/de\/wp-json\/wp\/v2\/comments?post=1034855"}],"version-history":[{"count":0,"href":"https:\/\/www.europesays.com\/de\/wp-json\/wp\/v2\/posts\/1034855\/revisions"}],"wp:featuredmedia":[{"embeddable":true,"href":"https:\/\/www.europesays.com\/de\/wp-json\/wp\/v2\/media\/1034856"}],"wp:attachment":[{"href":"https:\/\/www.europesays.com\/de\/wp-json\/wp\/v2\/media?parent=1034855"}],"wp:term":[{"taxonomy":"category","embeddable":true,"href":"https:\/\/www.europesays.com\/de\/wp-json\/wp\/v2\/categories?post=1034855"},{"taxonomy":"post_tag","embeddable":true,"href":"https:\/\/www.europesays.com\/de\/wp-json\/wp\/v2\/tags?post=1034855"}],"curies":[{"name":"wp","href":"https:\/\/api.w.org\/{rel}","templated":true}]}}