{"id":1035240,"date":"2026-05-21T07:04:14","date_gmt":"2026-05-21T07:04:14","guid":{"rendered":"https:\/\/www.europesays.com\/de\/1035240\/"},"modified":"2026-05-21T07:04:14","modified_gmt":"2026-05-21T07:04:14","slug":"ksc-legende-geovani-silva-stirbt-so-praegte-der-maradona-von-karlsruhe-den-verein","status":"publish","type":"post","link":"https:\/\/www.europesays.com\/de\/1035240\/","title":{"rendered":"KSC-Legende Geovani Silva stirbt \u2013 so pr\u00e4gte der Maradona von Karlsruhe den Verein"},"content":{"rendered":"<p class=\"mb-6 text-xs md:text-m lg:text-l font-serif group-[.font-sans]:font-sans \">\n    Am 18. Mai ist der fr\u00fchere<strong class=\"font-bold\"> <a href=\"https:\/\/www.ka-news.de\/ksc\" target=\"_self\" class=\"underline \" rel=\"nofollow noopener\">KSC<\/a>-Spieler Geovani Silva an den Folgen eines Herzstillstands verstorben<\/strong>. Der brasilianische Nationalspieler wurde 62 Jahre alt. Zuvor berichtete der <a href=\"https:\/\/www.ka-news.de\/region\/karlsruhe\/ksc-geschichte-trainer-und-co-im-ueberblick-art-2806184\" target=\"_self\" class=\"underline \" rel=\"nofollow noopener\">KSC<\/a> am 20. Mai.\n  <\/p>\n<p>            Ein gro\u00dfer Name am Adenauerring<\/p>\n<p class=\"mb-6 text-xs md:text-m lg:text-l font-serif group-[.font-sans]:font-sans \">\n    Im Sommer 1990 kam Geovani Silva als einer der ersten gro\u00dfen Namen an den <a href=\"https:\/\/www.ka-news.de\/region\/karlsruhe\/letzte-generation-protest-auf-adenauerring-art-3046632\" target=\"_self\" class=\"underline \" rel=\"nofollow noopener\">Adenauerring<\/a>. Der technisch starke Mittelfeldspieler wechselte vom FC Bologna zum KSC und nahm <strong class=\"font-bold\">in der Mannschaft von <a href=\"https:\/\/www.ka-news.de\/region\/karlsruhe\/ksc-ikone-winnie-schaefer-im-tollhaus-kam-mir-vor-wie-am-hof-des-sonnenkoenigs-art-3313084\" target=\"_self\" class=\"underline \" rel=\"nofollow noopener\">Winfried Sch\u00e4fer<\/a> sofort die zentrale Zehner-Position<\/strong> ein.\n  <\/p>\n<p>    <img decoding=\"async\" src=\"https:\/\/images.mgpd.de\/img\/109941909\/crop\/c16_9-w100\/252116877\/299734410\/winfried-schaefer.jpg\" alt=\"Unter Winfried Sch\u00e4fer erlebte der Karlsruher SC in den 1990er-Jahren ruhmreiche Zeiten. (Foto Archiv)\" title=\"Unter Winfried Sch\u00e4fer erlebte der Karlsruher SC in den 1990er-Jahren ruhmreiche Zeiten. (Foto Archiv)\" loading=\"lazy\" class=\"h-full w-full object-cover\"\/><\/p>\n<p>      Icon vergr\u00f6\u00dfern<\/p>\n<p>    Unter Winfried Sch\u00e4fer erlebte der Karlsruher SC in den 1990er-Jahren ruhmreiche Zeiten. (Foto Archiv)<br \/>\n    Foto: Uli Deck\/dpa<\/p>\n<p>        Schlie\u00dfen <\/p>\n<p>      Icon Schlie\u00dfen<\/p>\n<p>        Icon vergr\u00f6\u00dfern<\/p>\n<p>        Icon verkleinern<\/p>\n<p>      Icon Pfeil bewegen<\/p>\n<p>    Unter Winfried Sch\u00e4fer erlebte der Karlsruher SC in den 1990er-Jahren ruhmreiche Zeiten. (Foto Archiv)<br \/>\n    Foto: Uli Deck\/dpa<\/p>\n<p>            \u201eMaradona von Karlsruhe\u201c<\/p>\n<p class=\"mb-6 text-xs md:text-m lg:text-l font-serif group-[.font-sans]:font-sans \">\n    Silva absolvierte 22 L\u00e4nderspiele f\u00fcr die Sele\u00e7\u00e3o und war der <strong class=\"font-bold\">erste Brasilianer in Diensten der Blau-Wei\u00dfen<\/strong>. Wegen seines eleganten Spielstils und seiner lockigen dunklen Haarpracht wurde er damals als <strong class=\"font-bold\">\u201eMaradona von <a href=\"https:\/\/www.ka-news.de\/karlsruhe\" target=\"_self\" class=\"underline \" rel=\"nofollow noopener\">Karlsruhe<\/a>\u201c<\/strong> mit dem argentinischen Fu\u00dfballidol verglichen.\n  <\/p>\n<p>            R\u00fcckkehr nach Brasilien und Leben nach der Karriere<\/p>\n<p class=\"mb-6 text-xs md:text-m lg:text-l font-serif group-[.font-sans]:font-sans \">\n    Nach einer Saison mit 17 Eins\u00e4tzen und drei Toren kehrte der Spielmacher nach Brasilien zu Vasco da Gama zur\u00fcck. 2002 beendete der Copa-Am\u00e9rica-Sieger von 1989 seine aktive Laufbahn und engagierte sich anschlie\u00dfend als Lokalpolitiker in seiner Heimat.\n  <\/p>\n","protected":false},"excerpt":{"rendered":"Am 18. Mai ist der fr\u00fchere KSC-Spieler Geovani Silva an den Folgen eines Herzstillstands verstorben. Der brasilianische Nationalspieler&hellip;\n","protected":false},"author":2,"featured_media":767577,"comment_status":"","ping_status":"","sticky":false,"template":"","format":"standard","meta":{"footnotes":"","_share_on_mastodon":"0"},"categories":[1844],"tags":[1634,5697,3364,29,43342,30,8903,3850,65949,91493],"class_list":["post-1035240","post","type-post","status-publish","format-standard","has-post-thumbnail","category-karlsruhe","tag-baden-wuerttemberg","tag-brasilien","tag-de","tag-deutschland","tag-fc-bologna","tag-germany","tag-karlsruhe","tag-karlsruher-sc","tag-vasco-da-gama","tag-winfried-schaefer"],"share_on_mastodon":{"url":"https:\/\/pubeurope.com\/@de\/116611297330702937","error":""},"_links":{"self":[{"href":"https:\/\/www.europesays.com\/de\/wp-json\/wp\/v2\/posts\/1035240","targetHints":{"allow":["GET"]}}],"collection":[{"href":"https:\/\/www.europesays.com\/de\/wp-json\/wp\/v2\/posts"}],"about":[{"href":"https:\/\/www.europesays.com\/de\/wp-json\/wp\/v2\/types\/post"}],"author":[{"embeddable":true,"href":"https:\/\/www.europesays.com\/de\/wp-json\/wp\/v2\/users\/2"}],"replies":[{"embeddable":true,"href":"https:\/\/www.europesays.com\/de\/wp-json\/wp\/v2\/comments?post=1035240"}],"version-history":[{"count":0,"href":"https:\/\/www.europesays.com\/de\/wp-json\/wp\/v2\/posts\/1035240\/revisions"}],"wp:featuredmedia":[{"embeddable":true,"href":"https:\/\/www.europesays.com\/de\/wp-json\/wp\/v2\/media\/767577"}],"wp:attachment":[{"href":"https:\/\/www.europesays.com\/de\/wp-json\/wp\/v2\/media?parent=1035240"}],"wp:term":[{"taxonomy":"category","embeddable":true,"href":"https:\/\/www.europesays.com\/de\/wp-json\/wp\/v2\/categories?post=1035240"},{"taxonomy":"post_tag","embeddable":true,"href":"https:\/\/www.europesays.com\/de\/wp-json\/wp\/v2\/tags?post=1035240"}],"curies":[{"name":"wp","href":"https:\/\/api.w.org\/{rel}","templated":true}]}}