{"id":1035322,"date":"2026-05-21T07:51:18","date_gmt":"2026-05-21T07:51:18","guid":{"rendered":"https:\/\/www.europesays.com\/de\/1035322\/"},"modified":"2026-05-21T07:51:18","modified_gmt":"2026-05-21T07:51:18","slug":"muenchen-wetter-in-bayern-an-pfingsten-mit-30-grad-erst-gewitter","status":"publish","type":"post","link":"https:\/\/www.europesays.com\/de\/1035322\/","title":{"rendered":"M\u00fcnchen: Wetter in Bayern an Pfingsten mit 30 Grad \u2013 erst Gewitter"},"content":{"rendered":"<p>Wetter am Pfingstwochenende <\/p>\n<p>Bayern erwartet \u00fcber 30 Grad \u2013 davor noch Regenwetter<\/p>\n<p>21.05.2026 &#8211; 09:44 UhrLesedauer: 1 Min.<\/p>\n<p><a href=\"#focus-0\" class=\"transition-colors duration-200 block text-current relative\" data-sctrack=\"FocusGalleryImage.Reference\"><img fetchpriority=\"high\" data-testid=\"Opener.Image\"   loading=\"eager\" src=\"https:\/\/www.europesays.com\/de\/wp-content\/uploads\/2026\/05\/noch-einmal-dicke-wolken-in-bayern-dann-kommt-das-schoene-wetter-archivbild.jpg\" alt=\"Dunkle Wolken in Bayern\" title=\"Dunkle Wolken in Bayern\" width=\"2048\" height=\"1152\" class=\"bg-[url:var(--lqipURL)] bg-cover bg-center flex h-full w-full max-w-full\" style=\"--lqipURL:url('https:\/\/images.t-online.de\/2026\/05\/3Yt-n3JZTU0c\/0x107:2048x1152\/fit-in\/150x0\/filters:blur(25)\/noch-einmal-dicke-wolken-in-bayern-dann-kommt-das-schoene-wetter-archivbild.jpg')\" decoding=\"async\"\/><img loading=\"lazy\" src=\"https:\/\/muenchen.t-online.de\/s\/paper\/_next\/static\/media\/zoom-in.f7dae02f.svg\" alt=\"Vergr\u00f6\u00dfern des Bildes\" title=\"Vergr\u00f6\u00dfern des Bildes\" class=\"block h-[calc(var(--height)_\/_16_*_1rem)] w-[calc(var(--width)_\/_16_*_1rem)] max-w-none absolute bottom-8 right-8 rounded-4 bg-snow p-8\" style=\"--width:32;--height:32\" decoding=\"async\"\/><\/a><\/p>\n<p>Noch einmal dicke Wolken in Bayern, dann kommt das sch\u00f6ne Wetter (Archivbild): P\u00fcnktlich zum Ferienstart klettern die Temperaturen nach oben. (Quelle: Alexander Wolf\/onw-images\/dpa\/dpa-bilder)<\/p>\n<p><img loading=\"lazy\" src=\"https:\/\/muenchen.t-online.de\/s\/paper\/_next\/static\/media\/audio-volume.6689034c.svg\" alt=\"\" title=\"\" class=\"block h-[calc(var(--height)_\/_16_*_1rem)] w-[calc(var(--width)_\/_16_*_1rem)] max-w-none group-hover:brightness-0 group-hover:invert\" style=\"--width:16;--height:16\" decoding=\"async\"\/>Vorlesen<\/p>\n<p>Aktuelle Zeit:0:00Gesamtdauer:0:00<\/p>\n<p>1x<\/p>\n<p class=\"text-center\">Jetzt neu bei t-online:<\/p>\n<p class=\"text-center\">Schriftgr\u00f6\u00dfe anpassen!<\/p>\n<p><img loading=\"lazy\" src=\"https:\/\/muenchen.t-online.de\/s\/paper\/_next\/static\/media\/font-sizes.32942e33.svg\" alt=\"\" title=\"\" class=\"block h-[calc(var(--height)_\/_16_*_1rem)] w-[calc(var(--width)_\/_16_*_1rem)] max-w-none group-hover:hidden group-aria-expanded:hidden\" style=\"--width:16;--height:16\" decoding=\"async\"\/><img loading=\"lazy\" src=\"https:\/\/muenchen.t-online.de\/s\/paper\/_next\/static\/media\/font-sizes-dark-mode.e382645c.svg\" alt=\"\" title=\"\" class=\"block h-[calc(var(--height)_\/_16_*_1rem)] w-[calc(var(--width)_\/_16_*_1rem)] max-w-none hidden group-hover:block group-aria-expanded:block\" style=\"--width:16;--height:16\" decoding=\"async\"\/><img loading=\"lazy\" src=\"https:\/\/muenchen.t-online.de\/s\/paper\/_next\/static\/media\/sharing-menu-icon.1eb71368.svg\" alt=\"\" title=\"\" class=\"block h-[calc(var(--height)_\/_16_*_1rem)] w-[calc(var(--width)_\/_16_*_1rem)] max-w-none group-hover:brightness-0 group-hover:invert\" style=\"--width:16;--height:16\" decoding=\"async\"\/>Artikel teilen<\/p>\n<p class=\"font-bold text-18 leading-17 user-text-lg:text-22 user-text-xl:text-24\">Der Deutsche Wetterdienst k\u00fcndigt f\u00fcr Bayern ein sommerliches Pfingstwochenende an. Am Donnerstag sind in Teilen des Freistaats noch Schauer m\u00f6glich.<\/p>\n<p class=\"text-18 leading-17 user-text-lg:text-22 user-text-xl:text-24\">Bayern erwartet ab Samstag Sonnenschein und Temperaturen \u00fcber 30 Grad \u2013 so lautet die Prognose des Deutschen Wetterdienstes (DWD) f\u00fcr das Pfingstwochenende. Bis dahin verl\u00e4uft das Wetter im Freistaat noch uneinheitlich.<\/p>\n<p class=\"text-18 leading-17 user-text-lg:text-22 user-text-xl:text-24\">Am Donnerstag sind nach DWD-Angaben vor allem in Oberfranken und der Oberpfalz einzelne Schauer und dichte Wolken m\u00f6glich. In Schwaben und Teilen Oberbayerns kann die Sonne dagegen bereits am Donnerstagnachmittag herauskommen. Die Temperaturen liegen laut DWD zwischen 19 Grad im Hofer Land und 24 Grad rund um Aschaffenburg.<\/p>\n<p class=\"text-18 leading-17 user-text-lg:text-22 user-text-xl:text-24\">Am Freitag steigen die Temperaturen nach DWD-Prognose auf bis zu 28 Grad, bevor das Wochenende sommerlich wird. Parallel dazu nimmt laut DWD die Gr\u00e4serpollen-Belastung zu: Bereits ab Donnerstag liegt sie in Bayern im mittleren bis hohen Bereich \u2013 auf der DWD-Skala entspricht das dem hellroten Bereich.<\/p>\n","protected":false},"excerpt":{"rendered":"Wetter am Pfingstwochenende Bayern erwartet \u00fcber 30 Grad \u2013 davor noch Regenwetter 21.05.2026 &#8211; 09:44 UhrLesedauer: 1 Min.&hellip;\n","protected":false},"author":2,"featured_media":1035323,"comment_status":"","ping_status":"","sticky":false,"template":"","format":"standard","meta":{"footnotes":"","_share_on_mastodon":"0"},"categories":[1827],"tags":[722,17161,772,950,29,4906,9027,1096,30,1268,56487],"class_list":["post-1035322","post","type-post","status-publish","format-standard","has-post-thumbnail","category-muenchen","tag-722","tag-17161","tag-bayern","tag-deutscher-wetterdienst","tag-deutschland","tag-dwd","tag-ferienstart","tag-freistaat","tag-germany","tag-muenchen","tag-pfingstwochenende"],"share_on_mastodon":{"url":"https:\/\/pubeurope.com\/@de\/116611481412041893","error":""},"_links":{"self":[{"href":"https:\/\/www.europesays.com\/de\/wp-json\/wp\/v2\/posts\/1035322","targetHints":{"allow":["GET"]}}],"collection":[{"href":"https:\/\/www.europesays.com\/de\/wp-json\/wp\/v2\/posts"}],"about":[{"href":"https:\/\/www.europesays.com\/de\/wp-json\/wp\/v2\/types\/post"}],"author":[{"embeddable":true,"href":"https:\/\/www.europesays.com\/de\/wp-json\/wp\/v2\/users\/2"}],"replies":[{"embeddable":true,"href":"https:\/\/www.europesays.com\/de\/wp-json\/wp\/v2\/comments?post=1035322"}],"version-history":[{"count":0,"href":"https:\/\/www.europesays.com\/de\/wp-json\/wp\/v2\/posts\/1035322\/revisions"}],"wp:featuredmedia":[{"embeddable":true,"href":"https:\/\/www.europesays.com\/de\/wp-json\/wp\/v2\/media\/1035323"}],"wp:attachment":[{"href":"https:\/\/www.europesays.com\/de\/wp-json\/wp\/v2\/media?parent=1035322"}],"wp:term":[{"taxonomy":"category","embeddable":true,"href":"https:\/\/www.europesays.com\/de\/wp-json\/wp\/v2\/categories?post=1035322"},{"taxonomy":"post_tag","embeddable":true,"href":"https:\/\/www.europesays.com\/de\/wp-json\/wp\/v2\/tags?post=1035322"}],"curies":[{"name":"wp","href":"https:\/\/api.w.org\/{rel}","templated":true}]}}