{"id":1035452,"date":"2026-05-21T09:05:20","date_gmt":"2026-05-21T09:05:20","guid":{"rendered":"https:\/\/www.europesays.com\/de\/1035452\/"},"modified":"2026-05-21T09:05:20","modified_gmt":"2026-05-21T09:05:20","slug":"baden-im-neckar-critical-nass-am-sonntag-in-stuttgart-2026-sogar-zweimal","status":"publish","type":"post","link":"https:\/\/www.europesays.com\/de\/1035452\/","title":{"rendered":"Baden im Neckar: Critical Nass am Sonntag in Stuttgart \u2013 2026 sogar zweimal"},"content":{"rendered":"<p>\t\t\t\t\t\t\t\t\t\t\t\t\t\t\t\t\t\t\t\t\t\t\t\t\t\t\t\t      \t\t            \t\t             \t\t\t\t   \t\t\t\t\t   <img decoding=\"async\" id=\"article-image\" fetchpriority=\"high\" alt=\"Baden im Neckar: Critical Nass am Sonntag in Stuttgart \u2013  2026 sogar zweimal\" title=\"Baden im Neckar: Critical Nass am Sonntag in Stuttgart \u2013  2026 sogar zweimal\" src=\"https:\/\/www.europesays.com\/de\/wp-content\/uploads\/2026\/05\/media.media.df437f84-7183-4d93-aa9a-03b6a6b19c7c.16x9_700.jpg\" data-linkto=\"https:\/\/www.stuttgarter-nachrichten.de\/javascript:void(0);\"\/>\t\t\t\t\t\t\t\t\t\t\t\t\t\t\t\t\t\t\t\t\t\t\t\tEs geht bunt zu bei der Critical Nass in Stuttgart auf dem Neckar.\u00a0Foto: Elmer Gutierrez\/privat\t\t\t<\/p>\n<p>Es ist die publikumsst\u00e4rkste Veranstaltung der Neckarinsel: die Critical Nass gegen das Badeverbot in Stuttgart. In diesem Jahr ist die Fluss-Demo ein weiteres Mal.<\/p>\n<p> Es ist ihnen ernst. Gerade einmal drei Wochen <a href=\"https:\/\/www.stuttgarter-nachrichten.de\/inhalt.insel-opening-in-stuttgart-neckarinsel-in-stuttgart-dieses-jahr-wollen-sie-wirklich-in-den-neckar.2abfea54-9146-4f42-9ae4-0a767de04205.html\" target=\"_blank\" rel=\"nofollow noopener\">nach dem Insel-Opening <\/a>laden die Aktiven der Neckarinsel in <a href=\"https:\/\/www.stuttgarter-nachrichten.de\/thema\/Stuttgart\" title=\"Stuttgart\" class=\"art_thema\" rel=\"nofollow noopener\" target=\"_blank\">Stuttgart<\/a> zu ihrer publikumsst\u00e4rksten Veranstaltung im Jahr ein: <a href=\"https:\/\/www.stuttgarter-nachrichten.de\/inhalt.stuttgarter-verein-neckarinsel-wir-wollen-das-bade-verbot-kippen-mit-schlauchboot-und-sup-ueber-den-neckar.3318feab-3de4-4455-9ba8-e050c4244735.html\" target=\"_blank\" rel=\"nofollow noopener\">zur Critical Nass auf dem Neckar<\/a>. Auf Stand-Up-Paddles, kurz SUPs, in Kanus und Schlauchbooten werden sie bei mutma\u00dflich bestem Fr\u00fchsommerwetter f\u00fcr ihr Herzensanliegen aufs <a href=\"https:\/\/www.stuttgarter-nachrichten.de\/thema\/Wasser\" title=\"Wasser\" class=\"art_thema\" rel=\"nofollow noopener\" target=\"_blank\">Wasser<\/a> gehen. Der Schlachtruf der Neckarinsel sagt alles: Wir wollen baden.<\/p>\n<p>  <img decoding=\"async\" loading=\"lazy\" src=\"https:\/\/www.europesays.com\/de\/wp-content\/uploads\/2026\/05\/media.media.f20a7c11-23b3-46b4-94fc-7b3f7f29d15a.original1024.media.jpeg\"\/>     After Work am Fluss in Stuttgart: Bis Ende September ist die Neckarinsel ge\u00f6ffnet.    Foto: Archiv Lichtgut\/Ferdinando Iannone    <\/p>\n<p>Die Critical Nass gibt es seit 2021; in diesem Jahr wird sie sogar zweimal stattfinden. Der zweite Termin ist f\u00fcr den 26. Juli geplant, sollte das Wetter dann schlecht sein, ist der Ausweichtermin am 2. August. Los geht es jeweils um 13 Uhr mit Vorbereitungen auf der Neckarinsel, aufs Wasser geht es dann um 15 Uhr. Eine Teilnahme ist nur m\u00f6glich mit Anmeldung unter www.neckarinsel.eu.<\/p>\n<p>Im Terminkalender der Neckarinsel Stuttgart <\/p>\n<p>Wer hat, kann ein eigenes Boot oder SUP mitbringen, es gibt dann aber auch Wasserfahrzeuge auszuleihen. Die Tour f\u00fchrt von der Neckarinsel an der Schleuse <a href=\"https:\/\/www.stuttgarter-nachrichten.de\/thema\/Stuttgart-Bad_Cannstatt\" title=\"Bad Cannstatt\" class=\"art_thema\" rel=\"nofollow noopener\" target=\"_blank\">Bad Cannstatt<\/a> f\u00fcr zwei Stunden flussabw\u00e4rts bis zum Hechtkopf und zur\u00fcck.<\/p>\n<p>Bis zum Insel-Closing am 27. September hat die Neckarinsel (neben der Schleuse in Bad Cannstatt) immer sonntags ab 13 Uhr ge\u00f6ffnet. Im Terminkalender stehen aber zum Beispiel auch Insel-Yoga (17. Juni und 12. Juli), ein <a href=\"https:\/\/www.stuttgarter-nachrichten.de\/thema\/Neckar\" title=\"Neckar\" class=\"art_thema\" rel=\"nofollow noopener\" target=\"_blank\">Neckar<\/a>-Tribunal (28. Juni) oder eine Schwimm-Parade (9. August).<\/p>\n<p>Um <a href=\"https:\/\/www.stuttgarter-nachrichten.de\/inhalt.neckarinsel-in-stuttgart-baden-im-neckar-warum-kann-einem-verboten-werden-die-natur-zu-nutzen.0820a299-a5fa-45e9-9657-98bddea920ca.html\" target=\"_blank\" rel=\"nofollow noopener\">das Flussbaden in Stuttgart <\/a>(wieder) zu etablieren, misst der Verein Neckarinsel seit anderthalb Jahren auch die Wasserqualit\u00e4t. Auf Basis dieser Daten haben die Aktiven inzwischen ein Vorhersagesystem entwickelt, eine Bade-Ampel. Die soll dieses Jahr online gehen.<\/p>\n","protected":false},"excerpt":{"rendered":"Es geht bunt zu bei der Critical Nass in Stuttgart auf dem Neckar.\u00a0Foto: Elmer Gutierrez\/privat Es ist die&hellip;\n","protected":false},"author":2,"featured_media":1035453,"comment_status":"","ping_status":"","sticky":false,"template":"","format":"standard","meta":{"footnotes":"","_share_on_mastodon":"0"},"categories":[1830],"tags":[1634,3364,29,30,14480,31832,1441,5251,5329,4106],"class_list":["post-1035452","post","type-post","status-publish","format-standard","has-post-thumbnail","category-stuttgart","tag-baden-wuerttemberg","tag-de","tag-deutschland","tag-germany","tag-neckar","tag-neckarinsel","tag-stuttgart","tag-stuttgart-bad-cannstatt","tag-video","tag-wasser"],"share_on_mastodon":{"url":"https:\/\/pubeurope.com\/@de\/116611773126651609","error":""},"_links":{"self":[{"href":"https:\/\/www.europesays.com\/de\/wp-json\/wp\/v2\/posts\/1035452","targetHints":{"allow":["GET"]}}],"collection":[{"href":"https:\/\/www.europesays.com\/de\/wp-json\/wp\/v2\/posts"}],"about":[{"href":"https:\/\/www.europesays.com\/de\/wp-json\/wp\/v2\/types\/post"}],"author":[{"embeddable":true,"href":"https:\/\/www.europesays.com\/de\/wp-json\/wp\/v2\/users\/2"}],"replies":[{"embeddable":true,"href":"https:\/\/www.europesays.com\/de\/wp-json\/wp\/v2\/comments?post=1035452"}],"version-history":[{"count":0,"href":"https:\/\/www.europesays.com\/de\/wp-json\/wp\/v2\/posts\/1035452\/revisions"}],"wp:featuredmedia":[{"embeddable":true,"href":"https:\/\/www.europesays.com\/de\/wp-json\/wp\/v2\/media\/1035453"}],"wp:attachment":[{"href":"https:\/\/www.europesays.com\/de\/wp-json\/wp\/v2\/media?parent=1035452"}],"wp:term":[{"taxonomy":"category","embeddable":true,"href":"https:\/\/www.europesays.com\/de\/wp-json\/wp\/v2\/categories?post=1035452"},{"taxonomy":"post_tag","embeddable":true,"href":"https:\/\/www.europesays.com\/de\/wp-json\/wp\/v2\/tags?post=1035452"}],"curies":[{"name":"wp","href":"https:\/\/api.w.org\/{rel}","templated":true}]}}