{"id":1035472,"date":"2026-05-21T09:15:16","date_gmt":"2026-05-21T09:15:16","guid":{"rendered":"https:\/\/www.europesays.com\/de\/1035472\/"},"modified":"2026-05-21T09:15:16","modified_gmt":"2026-05-21T09:15:16","slug":"berlin-stellt-neue-kultur-und-tourismushighlights-bis-2027-vor-news-tip","status":"publish","type":"post","link":"https:\/\/www.europesays.com\/de\/1035472\/","title":{"rendered":"Berlin stellt neue Kultur- und Tourismushighlights bis 2027 vor \u00bb news | tip"},"content":{"rendered":"<p>Am 4. Juni 2027 er\u00f6ffnet das Pergamonmuseum auf der Berliner Museumsinsel nach mehrj\u00e4hriger Schlie\u00dfung wieder f\u00fcr Besucher:innen. Damit wird auch der Pergamonaltar erneut \u00f6ffentlich zug\u00e4nglich. Die Wiederer\u00f6ffnung ist Teil der Feierlichkeiten zum 200-j\u00e4hrigen Jubil\u00e4um der Museumsinsel Berlin, die zum UNESCO-Welterbe geh\u00f6rt.<\/p>\n<p>&#13;<\/p>\n<p>Bereits ab Sommer 2027 soll zudem eine neue Freitreppe am Humboldt Forum er\u00f6ffnet werden. Die 38 Meter breite Treppe mit Sitzstufen und Balkon am Wasser soll einen neuen \u00f6ffentlichen Treffpunkt zwischen Spree und Museumsinsel schaffen.<\/p>\n<p>&#13;<br \/>\nNeue Shows und Kulturhighlights&#13;<\/p>\n<p>Auch im Entertainment-Bereich k\u00fcndigt Berlin neue Produktionen an. Der Cirque du Soleil pr\u00e4sentiert mit \u201eAliz\u00e9\u201c im Theater am Potsdamer Platz seine erste permanente Show in Europa. <br \/>Im Friedrichstadt-Palast l\u00e4uft w\u00e4hrenddessen mit \u201eBlinded by Delight\u201c eine neue Grand Show mit mehr als 100 K\u00fcnstler:innen.<\/p>\n<p>&#13;<\/p>\n<p>Ein aktueller Besuchermagnet in Berlin ist der Hamburger Bahnhof \u2013 Nationalgalerie der Gegenwart: Mit 400.000 Holzkl\u00f6tzen l\u00e4dt die Installation \u201eWe Make Years Out of Hours\u201c bis J\u00e4nner 2027 zum gemeinsamen Bauen ein. Ein weiteres Highlight folgt in K\u00fcrze: Anl\u00e4sslich des 30-j\u00e4hrigen Jubil\u00e4ums pr\u00e4sentiert der Hamburger Bahnhof ab dem 12. Juni 2026 bis 30. Dezember 2027 die Ausstellung \u201eTausendmal Berlin\u201c.<\/p>\n<p>&#13;<\/p>\n<p>Die Neue Nationalgalerie widmet dem Bildhauer Constantin Brancusi noch bis 9. August 2026 eine gro\u00dfe Werkschau. Die Alte Nationalgalerie zeigt bis 27. September 2026 eine Sonderausstellung \u00fcber den Kunsth\u00e4ndler Paul Cassirer mit mehr als 100 Werken des franz\u00f6sischen Impressionismus. Im Herbst findet zudem erneut das Festival of Lights statt. Die Berlin Art Week und das Musikfest Berlin bringen ebenfalls internationale K\u00fcnstler:innen und Ensembles in die deutsche Hauptstadt.<\/p>\n<p>&#13;<br \/>\nNeue Attraktionen und Jubil\u00e4en&#13;<\/p>\n<p>2026 feiert Berlin unter anderem 20 Jahre als \u201eUNESCO City of Design\u201c, 25 Jahre Berlin Convention Office und 100 Jahre Berliner Funkturm. Nach umfassender Renovierung ist der Funkturm wieder f\u00fcr Besucher:innen ge\u00f6ffnet. Ende 2026 soll au\u00dferdem der Estrel Tower er\u00f6ffnet werden. Der 45-st\u00f6ckige Turm wird laut Angaben der Stadt Deutschlands h\u00f6chster Hotelturm und soll neben Hotelzimmern auch Event-, Coworking- und Gastronomiefl\u00e4chen bieten.<\/p>\n<p>&#13;<\/p>\n<p>Mit \u201eOcean Berlin\u201c entsteht in Lichtenberg zudem ein neues Meereserlebniszentrum. Geplant ist unter anderem ein 7,5 Mio. Liter gro\u00dfes Raubfischbecken. Die Er\u00f6ffnung ist f\u00fcr Fr\u00fchjahr 2027 vorgesehen.<\/p>\n<p>&#13;<br \/>\n&#8222;Freiheit&#8220;, Events und Kongresse&#13;<\/p>\n<p>Nach der ersten Ausgabe im Jahr 2025 plant Berlin von 7. bis 14. November 2026 eine zweite Berlin Freedom Week. Die Veranstaltungsreihe widmet sich den Themen Freiheit, Demokratie und Menschenrechte. H\u00f6hepunkt ist die Berlin Freedom Conference am 10. November 2026.<\/p>\n<p>&#13;<\/p>\n<p>Auch der Messe- und Kongresskalender bleibt umfangreich. Zu den wichtigsten Veranstaltungen z\u00e4hlen die ILA Berlin von 10. bis 14. Juni 2026, die IFA Berlin von 4. bis 8. September 2026 sowie die InnoTrans von 22. bis 25. September 2026. Im Sportbereich steht mit dem FIBA Women\u2019s Basketball World Cup 2026 von 4. bis 13. September ein internationales Gro\u00dfereignis auf dem Programm. Gespielt wird in der Uber Arena und der Max-Schmeling-Halle.<\/p>\n<p>&#13;<\/p>\n<p><a href=\"http:\/\/visitberlin.de\/de\/berlin-2026-die-wichtigsten-events\" target=\"_blank\" rel=\"nofollow noopener\">Eine \u00dcbersicht \u00fcber alle Highlights 2026\/27 gibt es HIER<\/a> (red)<\/p>\n","protected":false},"excerpt":{"rendered":"Am 4. Juni 2027 er\u00f6ffnet das Pergamonmuseum auf der Berliner Museumsinsel nach mehrj\u00e4hriger Schlie\u00dfung wieder f\u00fcr Besucher:innen. Damit&hellip;\n","protected":false},"author":2,"featured_media":1035473,"comment_status":"","ping_status":"","sticky":false,"template":"","format":"standard","meta":{"footnotes":"","_share_on_mastodon":"0"},"categories":[1825],"tags":[1941,1939,296,1937,29,4447,30,7427,80,48079,1940,1938,55301,222083],"class_list":["post-1035472","post","type-post","status-publish","format-standard","has-post-thumbnail","category-berlin","tag-aktuelle-nachrichten-aus-berlin","tag-aktuelle-news-aus-berlin","tag-berlin","tag-berlin-news","tag-deutschland","tag-events","tag-germany","tag-hauptstadt","tag-kultur","tag-kulturangebote","tag-nachrichten-aus-berlin","tag-news-aus-berlin","tag-pergamonmuseum","tag-stadt-staedtetrip"],"share_on_mastodon":{"url":"https:\/\/pubeurope.com\/@de\/116611811103558989","error":""},"_links":{"self":[{"href":"https:\/\/www.europesays.com\/de\/wp-json\/wp\/v2\/posts\/1035472","targetHints":{"allow":["GET"]}}],"collection":[{"href":"https:\/\/www.europesays.com\/de\/wp-json\/wp\/v2\/posts"}],"about":[{"href":"https:\/\/www.europesays.com\/de\/wp-json\/wp\/v2\/types\/post"}],"author":[{"embeddable":true,"href":"https:\/\/www.europesays.com\/de\/wp-json\/wp\/v2\/users\/2"}],"replies":[{"embeddable":true,"href":"https:\/\/www.europesays.com\/de\/wp-json\/wp\/v2\/comments?post=1035472"}],"version-history":[{"count":0,"href":"https:\/\/www.europesays.com\/de\/wp-json\/wp\/v2\/posts\/1035472\/revisions"}],"wp:featuredmedia":[{"embeddable":true,"href":"https:\/\/www.europesays.com\/de\/wp-json\/wp\/v2\/media\/1035473"}],"wp:attachment":[{"href":"https:\/\/www.europesays.com\/de\/wp-json\/wp\/v2\/media?parent=1035472"}],"wp:term":[{"taxonomy":"category","embeddable":true,"href":"https:\/\/www.europesays.com\/de\/wp-json\/wp\/v2\/categories?post=1035472"},{"taxonomy":"post_tag","embeddable":true,"href":"https:\/\/www.europesays.com\/de\/wp-json\/wp\/v2\/tags?post=1035472"}],"curies":[{"name":"wp","href":"https:\/\/api.w.org\/{rel}","templated":true}]}}