{"id":1035478,"date":"2026-05-21T09:18:18","date_gmt":"2026-05-21T09:18:18","guid":{"rendered":"https:\/\/www.europesays.com\/de\/1035478\/"},"modified":"2026-05-21T09:18:18","modified_gmt":"2026-05-21T09:18:18","slug":"eishockey-meister-stuermer-schon-da-koelner-haie-holen-marcel-noebels-aus-berlin-sport","status":"publish","type":"post","link":"https:\/\/www.europesays.com\/de\/1035478\/","title":{"rendered":"Eishockey: Meister-St\u00fcrmer schon da: K\u00f6lner Haie holen Marcel Noebels aus Berlin | Sport"},"content":{"rendered":"<p><a class=\"skip-content skip-content--link\" href=\"#in-content-skip-link-target-v-0-0\">TTS-Player \u00fcberspringen\u21b5<\/a><a id=\"in-content-skip-link-target-v-0-0\" class=\"skip-content--target-link-hidden skip-content skip-content--target-link\" href=\"#in-content-skip-link-target-v-0-0\">Artikel weiterlesen<\/a><\/p>\n<p data-21134c99=\"0-1926\">K\u00f6ln \u2013 <b>Das ist ein echter Coup in der DEL. Die K\u00f6lner Haie holen Berlins Meister-St\u00fcrmer Marcel Noebels (34). Nach zw\u00f6lf Jahren bei den Eisb\u00e4ren kommt der Olympia-Silber-Gewinner von 2018  und Eishockey-Vizeweltmeister von 2023 zum KEC. Noebels erh\u00e4lt das Trikot mit der Nummer 92 und ist bereits bei seinem neuen Klub eingetroffen.<\/b><\/p>\n<p data-21134c99=\"0-1926\">Noebels und die Eisb\u00e4ren standen den Haien 2025 im Finale und 2026 im Halbfinale im Weg. \u201eIch habe in meiner Karriere schon oft gegen die Haie gespielt, die Intensit\u00e4t dieser Duelle gesp\u00fcrt und gro\u00dfen Respekt vor dem Klub und seinen Fans entwickelt. Jetzt freue ich mich, zuk\u00fcnftig das Haie-Trikot zu tragen, meine Erfahrung einzubringen und alles daf\u00fcr zu geben, damit wir gemeinsam erfolgreich sind\u201c, erkl\u00e4rt Noebels.<\/p>\n<p><img decoding=\"async\" width=\"992\" height=\"558\" alt=\"So jubelte Marcel Noebels am 3. Mai 2026 in Mannheim \u00fcber Berlins Titelgewinn\" src=\"https:\/\/www.europesays.com\/de\/wp-content\/uploads\/2026\/05\/1042b465633603ee33aafb08a6b37ac5,e56aac5b.jpeg\"   class=\"landscape\" loading=\"lazy\" useforarticleimagegallerylightbox=\"true\"\/><\/p>\n<p class=\"fig__caption__text\">So jubelte Marcel Noebels am 3. Mai 2026 in Mannheim \u00fcber Berlins Titelgewinn<\/p>\n<p>Foto: City-Press<\/p>\n<p>668 DEL-Spiele und f\u00fcnf Meistertitel<\/p>\n<p data-21134c99=\"0-1926\">Mit dem f\u00fcnffachen Meister will K\u00f6ln den erneuten Angriff auf den ersehnten ersten Meistertitel seit 2002 starten. Noebels verf\u00fcgt \u00fcber eine herausragende Bilanz: 668 DEL-Spiele, 525 Scorerpunkte, 169 Tore. In den 15 Playoffspielen der abgelaufenen Saison steuerte er 14 Scorerpunkte bei und war ein Garant f\u00fcr den Gewinn des f\u00fcnften Titels der Berliner in Folge. In den Spielzeiten 2019\/20 und 2020\/21 wurde Noebels zum St\u00fcrmer und Spieler des Jahres in der DEL gek\u00fcrt. <\/p>\n<p data-21134c99=\"0-1926\">\u201eMarcel ist ein sehr erfahrener Spieler, der eine zentrale Rolle bei den Eisb\u00e4ren Berlin hatte. Er wird unsere Mannschaft mit dieser Erfahrung, seiner Siegermentalit\u00e4t und seiner Spielst\u00e4rke bereichern. Dazu ist er einer der konstantesten deutschen Scorer unserer Liga\u201c, betont Haie-Sportchef Matthias Baldys.<\/p>\n<p data-21134c99=\"0-1926\">Nach seinem Aus in Berlin hatte Noebels unmittelbar nach dem Titelgewinn erkl\u00e4rt: \u201eIch w\u00e4re nat\u00fcrlich gerne noch viele, viele weitere Jahre hier geblieben. Aber manchmal gibt es im Leben Sachen, die sich \u00e4ndern, oder Sachen, die man nicht einplant. Aber wenn eine T\u00fcr zugeht, dann geht eine andere auf.\u201c F\u00fcr Noebels ging sie jetzt in K\u00f6ln auf.<\/p>\n","protected":false},"excerpt":{"rendered":"TTS-Player \u00fcberspringen\u21b5Artikel weiterlesen K\u00f6ln \u2013 Das ist ein echter Coup in der DEL. Die K\u00f6lner Haie holen Berlins&hellip;\n","protected":false},"author":2,"featured_media":1035479,"comment_status":"","ping_status":"","sticky":false,"template":"","format":"standard","meta":{"footnotes":"","_share_on_mastodon":"0"},"categories":[1825],"tags":[296,2097,29,30,8931,154827,819],"class_list":["post-1035478","post","type-post","status-publish","format-standard","has-post-thumbnail","category-berlin","tag-berlin","tag-del","tag-deutschland","tag-germany","tag-koelner-haie","tag-marcel-noebels","tag-sport-leuchtturm-essen"],"share_on_mastodon":{"url":"https:\/\/pubeurope.com\/@de\/116611822611793462","error":""},"_links":{"self":[{"href":"https:\/\/www.europesays.com\/de\/wp-json\/wp\/v2\/posts\/1035478","targetHints":{"allow":["GET"]}}],"collection":[{"href":"https:\/\/www.europesays.com\/de\/wp-json\/wp\/v2\/posts"}],"about":[{"href":"https:\/\/www.europesays.com\/de\/wp-json\/wp\/v2\/types\/post"}],"author":[{"embeddable":true,"href":"https:\/\/www.europesays.com\/de\/wp-json\/wp\/v2\/users\/2"}],"replies":[{"embeddable":true,"href":"https:\/\/www.europesays.com\/de\/wp-json\/wp\/v2\/comments?post=1035478"}],"version-history":[{"count":0,"href":"https:\/\/www.europesays.com\/de\/wp-json\/wp\/v2\/posts\/1035478\/revisions"}],"wp:featuredmedia":[{"embeddable":true,"href":"https:\/\/www.europesays.com\/de\/wp-json\/wp\/v2\/media\/1035479"}],"wp:attachment":[{"href":"https:\/\/www.europesays.com\/de\/wp-json\/wp\/v2\/media?parent=1035478"}],"wp:term":[{"taxonomy":"category","embeddable":true,"href":"https:\/\/www.europesays.com\/de\/wp-json\/wp\/v2\/categories?post=1035478"},{"taxonomy":"post_tag","embeddable":true,"href":"https:\/\/www.europesays.com\/de\/wp-json\/wp\/v2\/tags?post=1035478"}],"curies":[{"name":"wp","href":"https:\/\/api.w.org\/{rel}","templated":true}]}}