{"id":1035790,"date":"2026-05-21T12:14:15","date_gmt":"2026-05-21T12:14:15","guid":{"rendered":"https:\/\/www.europesays.com\/de\/1035790\/"},"modified":"2026-05-21T12:14:15","modified_gmt":"2026-05-21T12:14:15","slug":"halle-krankenhaus-uebernommen-neuer-name-steht-fest","status":"publish","type":"post","link":"https:\/\/www.europesays.com\/de\/1035790\/","title":{"rendered":"Halle: Krankenhaus \u00fcbernommen \u2013 neuer Name steht fest"},"content":{"rendered":"<p class=\"text\">\nIn Halle arbeiten das <a href=\"https:\/\/www.mdr.de\/nachrichten\/sachsen-anhalt\/halle\/halle\/krankenhaus-sankt-elisabeth-barbara-martha-maria-zusammenarbeit-102.html\" title=\"Gesundheitsversorgung Sachsen-Anhalt: Krankenh\u00e4user in Halle fusionieren\" rel=\"nofollow noopener\" target=\"_blank\">Krankenhaus St. Elisabeth und St. Barbara in Halle (Saale) das Krankenhaus Martha-Maria in D\u00f6lau<\/a> seit Jahresanfang zusammen. Jetzt steht auch der Name f\u00fcr den gemeinsamen Klinikverbund fest. Wie die Betreiber am Mittwoch mitteilten, soll er ab dem Sp\u00e4tsommer &#8222;Christliches Klinikum Halle&#8220;, kurz CKH, hei\u00dfen. Ein Sprecher sagte MDR SACHSEN-ANHALT, die Entscheidung h\u00e4tten die zust\u00e4ndigen Gremien getroffen. In die Namensfindung sei auch eine Umfrage unter den Mitarbeiterinnen und Mitarbeitern eingeflossen.<\/p>\n","protected":false},"excerpt":{"rendered":"In Halle arbeiten das Krankenhaus St. Elisabeth und St. Barbara in Halle (Saale) das Krankenhaus Martha-Maria in D\u00f6lau&hellip;\n","protected":false},"author":2,"featured_media":1035791,"comment_status":"","ping_status":"","sticky":false,"template":"","format":"standard","meta":{"footnotes":"","_share_on_mastodon":"0"},"categories":[1860],"tags":[3364,29,548,663,3934,25560,30,141,4062,17332,13,20069,3263,81,14,15,9221,24341,6211,17331,860,12,5028],"class_list":["post-1035790","post","type-post","status-publish","format-standard","has-post-thumbnail","category-halle-saale","tag-de","tag-deutschland","tag-eu","tag-europa","tag-europe","tag-fusion","tag-germany","tag-gesundheit","tag-halle","tag-halle-saale","tag-headlines","tag-klinik","tag-krankenhaus","tag-mdr","tag-nachrichten","tag-news","tag-pflege","tag-reform","tag-regionalportal","tag-saale","tag-sachsen-anhalt","tag-schlagzeilen","tag-versorgung"],"share_on_mastodon":{"url":"https:\/\/pubeurope.com\/@de\/116612514925757919","error":""},"_links":{"self":[{"href":"https:\/\/www.europesays.com\/de\/wp-json\/wp\/v2\/posts\/1035790","targetHints":{"allow":["GET"]}}],"collection":[{"href":"https:\/\/www.europesays.com\/de\/wp-json\/wp\/v2\/posts"}],"about":[{"href":"https:\/\/www.europesays.com\/de\/wp-json\/wp\/v2\/types\/post"}],"author":[{"embeddable":true,"href":"https:\/\/www.europesays.com\/de\/wp-json\/wp\/v2\/users\/2"}],"replies":[{"embeddable":true,"href":"https:\/\/www.europesays.com\/de\/wp-json\/wp\/v2\/comments?post=1035790"}],"version-history":[{"count":0,"href":"https:\/\/www.europesays.com\/de\/wp-json\/wp\/v2\/posts\/1035790\/revisions"}],"wp:featuredmedia":[{"embeddable":true,"href":"https:\/\/www.europesays.com\/de\/wp-json\/wp\/v2\/media\/1035791"}],"wp:attachment":[{"href":"https:\/\/www.europesays.com\/de\/wp-json\/wp\/v2\/media?parent=1035790"}],"wp:term":[{"taxonomy":"category","embeddable":true,"href":"https:\/\/www.europesays.com\/de\/wp-json\/wp\/v2\/categories?post=1035790"},{"taxonomy":"post_tag","embeddable":true,"href":"https:\/\/www.europesays.com\/de\/wp-json\/wp\/v2\/tags?post=1035790"}],"curies":[{"name":"wp","href":"https:\/\/api.w.org\/{rel}","templated":true}]}}