{"id":103599,"date":"2025-05-12T02:13:14","date_gmt":"2025-05-12T02:13:14","guid":{"rendered":"https:\/\/www.europesays.com\/de\/103599\/"},"modified":"2025-05-12T02:13:14","modified_gmt":"2025-05-12T02:13:14","slug":"schau-der-fotoszene-koeln-im-hochbunker","status":"publish","type":"post","link":"https:\/\/www.europesays.com\/de\/103599\/","title":{"rendered":"Schau der Fotoszene K\u00f6ln im Hochbunker"},"content":{"rendered":"<p class=\"text_ohne_einzug richtext text-em-55 !leading-serif mx-6 desktop:mx-0\"> Das diesj\u00e4hrige K\u00f6lner Photoszene-Festival bietet hierf\u00fcr den Rahmen, der Hochbunker in der Elsa\u00dfstra\u00dfe mit seinen meterdicken W\u00e4nden den Schauplatz. Dieser Ort mitten in der S\u00fcdstadt war lange f\u00fcr die \u00d6ffentlichkeit nicht mehr zug\u00e4nglich und findet jetzt erstmals eine kulturelle Nutzung. Gebaut wurde er in Form eines Reihenhauses, was zu seiner Tarnung bei Luftangriffen dienen sollte.<\/p>\n","protected":false},"excerpt":{"rendered":"Das diesj\u00e4hrige K\u00f6lner Photoszene-Festival bietet hierf\u00fcr den Rahmen, der Hochbunker in der Elsa\u00dfstra\u00dfe mit seinen meterdicken W\u00e4nden den&hellip;\n","protected":false},"author":2,"featured_media":103600,"comment_status":"","ping_status":"","sticky":false,"template":"","format":"standard","meta":{"footnotes":""},"categories":[1828],"tags":[2076,29,41009,41012,10790,30,10422,41013,41008,1420,33814,1209,3747,41010,21745,41011],"class_list":{"0":"post-103599","1":"post","2":"type-post","3":"status-publish","4":"format-standard","5":"has-post-thumbnail","7":"category-koeln","8":"tag-ausstellung","9":"tag-deutschland","10":"tag-elsassstrasse","11":"tag-etagen","12":"tag-fotografen","13":"tag-germany","14":"tag-gezeigt","15":"tag-gezeigten","16":"tag-hochbunker","17":"tag-koeln","18":"tag-kulturelle","19":"tag-nordrhein-westfalen","20":"tag-stephan","21":"tag-wegsehen","22":"tag-zeigt","23":"tag-zwecklos"},"share_on_mastodon":{"url":"https:\/\/pubeurope.com\/@de\/114492447502891400","error":""},"_links":{"self":[{"href":"https:\/\/www.europesays.com\/de\/wp-json\/wp\/v2\/posts\/103599","targetHints":{"allow":["GET"]}}],"collection":[{"href":"https:\/\/www.europesays.com\/de\/wp-json\/wp\/v2\/posts"}],"about":[{"href":"https:\/\/www.europesays.com\/de\/wp-json\/wp\/v2\/types\/post"}],"author":[{"embeddable":true,"href":"https:\/\/www.europesays.com\/de\/wp-json\/wp\/v2\/users\/2"}],"replies":[{"embeddable":true,"href":"https:\/\/www.europesays.com\/de\/wp-json\/wp\/v2\/comments?post=103599"}],"version-history":[{"count":0,"href":"https:\/\/www.europesays.com\/de\/wp-json\/wp\/v2\/posts\/103599\/revisions"}],"wp:featuredmedia":[{"embeddable":true,"href":"https:\/\/www.europesays.com\/de\/wp-json\/wp\/v2\/media\/103600"}],"wp:attachment":[{"href":"https:\/\/www.europesays.com\/de\/wp-json\/wp\/v2\/media?parent=103599"}],"wp:term":[{"taxonomy":"category","embeddable":true,"href":"https:\/\/www.europesays.com\/de\/wp-json\/wp\/v2\/categories?post=103599"},{"taxonomy":"post_tag","embeddable":true,"href":"https:\/\/www.europesays.com\/de\/wp-json\/wp\/v2\/tags?post=103599"}],"curies":[{"name":"wp","href":"https:\/\/api.w.org\/{rel}","templated":true}]}}