{"id":1036002,"date":"2026-05-21T14:10:25","date_gmt":"2026-05-21T14:10:25","guid":{"rendered":"https:\/\/www.europesays.com\/de\/1036002\/"},"modified":"2026-05-21T14:10:25","modified_gmt":"2026-05-21T14:10:25","slug":"kultursommer-der-region-hannover-2026-eroeffnungskonzert-new-horizons-of-an-anatolian","status":"publish","type":"post","link":"https:\/\/www.europesays.com\/de\/1036002\/","title":{"rendered":"Kultursommer der Region Hannover 2026: Er\u00f6ffnungskonzert: New Horizons of an Anatolian"},"content":{"rendered":"<p>Wenn anatolische Melodien auf orchestrale Klangwelten und pulsierende Jazz-Improvisationen treffen, entsteht ein Konzertabend von seltener Intensit\u00e4t: Ayda K\u0131rc\u0131, das Kammerorchester Hannover und Anatolian Goes Jazz erschaffen mit \u201eNew Horizons of an Anatolian\u201c einen Sound zwischen Orient und Okzident, der Grenzen aufl\u00f6st und Genres neu denkt.<\/p>\n<p>\u00a0<\/p>\n<p>                    <img decoding=\"async\" class=\"fullwidth image-zoomable\" src=\"https:\/\/www.europesays.com\/de\/wp-content\/uploads\/2026\/05\/a0e74f70899e-2026-07-01_KuSo-eroeffnungskonzert_Ayda-Kirci__Wiktor_Dytko.jpeg\" alt=\"Portr\u00e4tfoto einer Frau\" data-copyright-text=\"Wiktor Dytko\" data-large-image=\"https:\/\/www.hannover.de\/var\/storage\/images\/_aliases\/full\/6\/3\/5\/0\/30480536-94-ger-DE\/a0e74f70899e-2026-07-01_KuSo-eroeffnungskonzert_Ayda-Kirci__Wiktor_Dytko.jpeg\" loading=\"lazy\"\/><\/p>\n<p>                            \u00a9                                 Wiktor Dytko<\/p>\n<p>\u00a0<\/p>\n<p>Als Freundschaftskonzert verbindet das Projekt unterschiedliche Kulturkreise und versteht sich als musikalischer Begegnungsraum f\u00fcr Jazzfans, Klassikliebhaber und Freunde der t\u00fcrkischen Volksmusik gleicherma\u00dfen. Getragen von herausragenden Musikerinnen und Musikern entfaltet sich ein kraftvolles Konzerterlebnis, das das Publikum auf eine faszinierende Reise durch Orient und Okzident mitnimmt.\u00a0<\/p>\n<p>\u00a0<\/p>\n<p>Zur Er\u00f6ffnung des Kultursommers 2026 wird der Rathausplatz Garbsen zur B\u00fchne dieses au\u00dfergew\u00f6hnlichen Konzertformats, das in diesem Jahr im NDR seine Fernsehpremiere feierte.<\/p>\n<p><strong>Anmeldung f\u00fcr Sitzpl\u00e4tze<\/strong>: <a href=\"https:\/\/www.hannover.de\/Leben-in-der-Region-Hannover\/Verwaltungen-Kommunen\/Die-Verwaltung-der-Region-Hannover\/Stellt-sich-vor\/Dezernate-und-Fachbereiche-der-Region-Hannover\/Dezernat-Bildung,-Kultur-und-Baumanagement\/Fachbereich-Bildung-und-Kultur\/Team-Kultur\/Musik,-Literatur-und-Kunst\/Kultursommer-2026\/mailto:anmeldung@foetev.de\" rel=\"nofollow noopener\" target=\"_blank\">anmeldung@foetev.de<\/a>\u00a0<\/p>\n<p><strong>Weitere Hinweise<\/strong>:\u00a0<\/p>\n<p>Es werden Speisen und Getr\u00e4nke angeboten. Die Veranstaltung findet drau\u00dfen statt.\u00a0<\/p>\n<p><strong>Genre<\/strong>: T\u00fcrku Jazz Klassik<\/p>\n","protected":false},"excerpt":{"rendered":"Wenn anatolische Melodien auf orchestrale Klangwelten und pulsierende Jazz-Improvisationen treffen, entsteht ein Konzertabend von seltener Intensit\u00e4t: Ayda K\u0131rc\u0131,&hellip;\n","protected":false},"author":2,"featured_media":1036003,"comment_status":"","ping_status":"","sticky":false,"template":"","format":"standard","meta":{"footnotes":"","_share_on_mastodon":"0"},"categories":[1836],"tags":[11912,242,3364,29,23595,30,46,1310,222198,79680,39376,1411,52791,222197,94300],"class_list":["post-1036002","post","type-post","status-publish","format-standard","has-post-thumbnail","category-hannover","tag-kostenlos","tag-242","tag-de","tag-deutschland","tag-draussen","tag-germany","tag-hannover","tag-konzert","tag-kostenlose-konzerte","tag-kostenloses-konzert","tag-kultursommer","tag-niedersachsen","tag-open-air-konzert","tag-umsonst","tag-umsonst-und-draussen"],"share_on_mastodon":{"url":"https:\/\/pubeurope.com\/@de\/116612971114861568","error":""},"_links":{"self":[{"href":"https:\/\/www.europesays.com\/de\/wp-json\/wp\/v2\/posts\/1036002","targetHints":{"allow":["GET"]}}],"collection":[{"href":"https:\/\/www.europesays.com\/de\/wp-json\/wp\/v2\/posts"}],"about":[{"href":"https:\/\/www.europesays.com\/de\/wp-json\/wp\/v2\/types\/post"}],"author":[{"embeddable":true,"href":"https:\/\/www.europesays.com\/de\/wp-json\/wp\/v2\/users\/2"}],"replies":[{"embeddable":true,"href":"https:\/\/www.europesays.com\/de\/wp-json\/wp\/v2\/comments?post=1036002"}],"version-history":[{"count":0,"href":"https:\/\/www.europesays.com\/de\/wp-json\/wp\/v2\/posts\/1036002\/revisions"}],"wp:featuredmedia":[{"embeddable":true,"href":"https:\/\/www.europesays.com\/de\/wp-json\/wp\/v2\/media\/1036003"}],"wp:attachment":[{"href":"https:\/\/www.europesays.com\/de\/wp-json\/wp\/v2\/media?parent=1036002"}],"wp:term":[{"taxonomy":"category","embeddable":true,"href":"https:\/\/www.europesays.com\/de\/wp-json\/wp\/v2\/categories?post=1036002"},{"taxonomy":"post_tag","embeddable":true,"href":"https:\/\/www.europesays.com\/de\/wp-json\/wp\/v2\/tags?post=1036002"}],"curies":[{"name":"wp","href":"https:\/\/api.w.org\/{rel}","templated":true}]}}