{"id":1036043,"date":"2026-05-21T14:31:14","date_gmt":"2026-05-21T14:31:14","guid":{"rendered":"https:\/\/www.europesays.com\/de\/1036043\/"},"modified":"2026-05-21T14:31:14","modified_gmt":"2026-05-21T14:31:14","slug":"muenchen-ohne-fuehrerschein-dafuer-mit-koks-18-jaehriger-rast-durch-die-stadt-muenchen","status":"publish","type":"post","link":"https:\/\/www.europesays.com\/de\/1036043\/","title":{"rendered":"M\u00fcnchen: Ohne F\u00fchrerschein, daf\u00fcr mit Koks &#8211; 18-J\u00e4hriger rast durch die Stadt &#8211; M\u00fcnchen"},"content":{"rendered":"<p data-manual=\"paragraph\" data-schema-org-speakable=\"true\" class=\"css-1eosz7k\">Offensichtlich die richtige Eingebung hatte eine Polizeistreife, die in der Nacht von Mittwoch auf Donnerstag gegen 0.50 Uhr im Euroindustriepark einen Audi Q2 ohne konkreten Anlass kontrollieren wollte. Wie sich nach einer wilden Verfolgungsjagd \u00fcber Frankfurter Ring, Ungerer- und Schenkendorfstra\u00dfe herausstellte, sa\u00df der 18 Jahre alte Fahrer ohne F\u00fchrerschein, aber daf\u00fcr mit Kokain am Steuer.<\/p>\n<p data-manual=\"paragraph\" data-schema-org-speakable=\"true\" class=\"css-1eosz7k\">Bei der Flucht vor der Kontrolle hatte er das Auto auf teilweise mehr als 100 Kilometer pro Stunde beschleunigt, ehe er in der Lyonel-Feininger-Stra\u00dfe von der Fahrbahn abkam und auf dem Gehweg an einem Metallabsperrb\u00fcgel h\u00e4ngenblieb. Beim Versuch, zu Fu\u00df weiter zu fl\u00fcchten, stoppten ihn die Beamten schlie\u00dflich.<\/p>\n<p data-manual=\"paragraph\" data-schema-org-speakable=\"true\" class=\"css-1eosz7k\">Da der 18-J\u00e4hrige augenscheinlich unter Drogeneinfluss stand, wurde eine Blutentnahme angeordnet. Er hatte zudem Kokain bei sich, aber keine g\u00fcltige Fahrerlaubnis. Er wurde wegen diverser Verkehrsdelikte sowie eines Versto\u00dfes nach dem Bet\u00e4ubungsmittelgesetz angezeigt; sein demoliertes Auto wurde sichergestellt.<\/p>\n","protected":false},"excerpt":{"rendered":"Offensichtlich die richtige Eingebung hatte eine Polizeistreife, die in der Nacht von Mittwoch auf Donnerstag gegen 0.50 Uhr&hellip;\n","protected":false},"author":2,"featured_media":1036044,"comment_status":"","ping_status":"","sticky":false,"template":"","format":"standard","meta":{"footnotes":"","_share_on_mastodon":"0"},"categories":[1827],"tags":[772,29,2816,30,3178,2812,1268,222200,3093,2814,149,601],"class_list":["post-1036043","post","type-post","status-publish","format-standard","has-post-thumbnail","category-muenchen","tag-bayern","tag-deutschland","tag-freimann","tag-germany","tag-milbertshofen","tag-milbertshofen-am-hart","tag-muenchen","tag-parkstadt-schwabing","tag-polizei-und-feuerwehr-in-muenchen","tag-schwabing-freimann","tag-sueddeutsche-zeitung","tag-verkehr"],"share_on_mastodon":{"url":"https:\/\/pubeurope.com\/@de\/116613053713919303","error":""},"_links":{"self":[{"href":"https:\/\/www.europesays.com\/de\/wp-json\/wp\/v2\/posts\/1036043","targetHints":{"allow":["GET"]}}],"collection":[{"href":"https:\/\/www.europesays.com\/de\/wp-json\/wp\/v2\/posts"}],"about":[{"href":"https:\/\/www.europesays.com\/de\/wp-json\/wp\/v2\/types\/post"}],"author":[{"embeddable":true,"href":"https:\/\/www.europesays.com\/de\/wp-json\/wp\/v2\/users\/2"}],"replies":[{"embeddable":true,"href":"https:\/\/www.europesays.com\/de\/wp-json\/wp\/v2\/comments?post=1036043"}],"version-history":[{"count":0,"href":"https:\/\/www.europesays.com\/de\/wp-json\/wp\/v2\/posts\/1036043\/revisions"}],"wp:featuredmedia":[{"embeddable":true,"href":"https:\/\/www.europesays.com\/de\/wp-json\/wp\/v2\/media\/1036044"}],"wp:attachment":[{"href":"https:\/\/www.europesays.com\/de\/wp-json\/wp\/v2\/media?parent=1036043"}],"wp:term":[{"taxonomy":"category","embeddable":true,"href":"https:\/\/www.europesays.com\/de\/wp-json\/wp\/v2\/categories?post=1036043"},{"taxonomy":"post_tag","embeddable":true,"href":"https:\/\/www.europesays.com\/de\/wp-json\/wp\/v2\/tags?post=1036043"}],"curies":[{"name":"wp","href":"https:\/\/api.w.org\/{rel}","templated":true}]}}