{"id":1036072,"date":"2026-05-21T14:47:15","date_gmt":"2026-05-21T14:47:15","guid":{"rendered":"https:\/\/www.europesays.com\/de\/1036072\/"},"modified":"2026-05-21T14:47:15","modified_gmt":"2026-05-21T14:47:15","slug":"wm-2026-bayern-juwel-ueberraschend-fuer-wm-nominiert-er-hat-noch-kein-laenderspiel-sport","status":"publish","type":"post","link":"https:\/\/www.europesays.com\/de\/1036072\/","title":{"rendered":"WM 2026: Bayern-Juwel \u00fcberraschend f\u00fcr WM nominiert! Er hat noch kein L\u00e4nderspiel | Sport"},"content":{"rendered":"<p><a class=\"skip-content skip-content--link\" href=\"#in-content-skip-link-target-v-0-0\">TTS-Player \u00fcberspringen\u21b5<\/a><a id=\"in-content-skip-link-target-v-0-0\" class=\"skip-content--target-link-hidden skip-content skip-content--target-link\" href=\"#in-content-skip-link-target-v-0-0\">Artikel weiterlesen<\/a><\/p>\n<p><b>\u00dcberraschung bei der Nominierung des senegalesischen WM-Kaders: Bayern-Youngster Bara Sapoko Ndiaye (18) steht im vorl\u00e4ufigen Aufgebot f\u00fcr die Weltmeisterschaft in den USA, Kanada und Mexiko (11. Juni \u2013 19. Juli). Das Besondere: Der Mittelfeldspieler hat noch kein einziges L\u00e4nderspiel f\u00fcr den Senegal bestritten.<\/b><\/p>\n<p>Neben den \u00fcblichen Topstars wie Idrissa Gueye (36\/FC Everton) oder Kalidou Koulibaly (34\/Al-Hilal) darf sich also auch der Teenager freuen. Ndiaye kam im vergangenen Winter von den Gambinos Stars aus Gambia zu den <a href=\"https:\/\/www.bild.de\/sport\/fussball\/bayern-muenchen\/startseite-fc-bayern-muenchen-31074450.bild.html\" class=\"text-link\" rel=\"nofollow noopener\" target=\"_blank\">Bayern<\/a>, ist noch bis zum 30. Juni an den deutschen Rekordmeister ausgeliehen.<\/p>\n<p>Mehr zum Thema142 Minuten in der Bundesliga<\/p>\n<p>F\u00fcr das Team von Trainer Vincent Kompany (40) absolvierte er bisher 142 Minuten in vier <a href=\"https:\/\/www.bild.de\/sport\/fussball\/bundesliga\/bundesliga-startseite-52368768.bild.html\" class=\"text-link\" rel=\"nofollow noopener\" target=\"_blank\">Bundesliga<\/a>-Spielen. Wenig Spielpraxis \u2013 aber offenbar genug, um Nationaltrainer Pape Thiaw (45) zu \u00fcberzeugen.<\/p>\n<p>Neben Ndiaye und Bayern-Kollege Nicolas Jackson (24) stehen auch die ehemaligen Bundesliga-Profis Sadio Man\u00e9 (34), Moussa Niakhat\u00e9 (30) und Ismail Jakobs (26) im vorl\u00e4ufigen Aufgebot Senegals.<\/p>\n<p>Thiaw muss noch zwei Spieler streichen<\/p>\n<p>Das Aufgebot umfasst bisher noch 28 Spieler. Bis zum 1. Juni muss Thiaw noch zwei Akteure aus dem Kader nehmen. Der Senegal bekommt es in der WM-Gruppe I mit Frankreich (16. Juni, 21 Uhr), Norwegen (23. Juni, 2 Uhr) und dem Irak (26. Juni, 21 Uhr) zu tun.<\/p>\n","protected":false},"excerpt":{"rendered":"TTS-Player \u00fcberspringen\u21b5Artikel weiterlesen \u00dcberraschung bei der Nominierung des senegalesischen WM-Kaders: Bayern-Youngster Bara Sapoko Ndiaye (18) steht im vorl\u00e4ufigen&hellip;\n","protected":false},"author":2,"featured_media":1036073,"comment_status":"","ping_status":"","sticky":false,"template":"","format":"standard","meta":{"footnotes":"","_share_on_mastodon":"0"},"categories":[136],"tags":[148728,1263,29,538,458,347,30,193540,39878,265],"class_list":["post-1036072","post","type-post","status-publish","format-standard","has-post-thumbnail","category-sport","tag-afrika-cup","tag-aufmacher-bereich","tag-deutschland","tag-erste-bundesliga","tag-fc-bayern-muenchen","tag-fussball","tag-germany","tag-nationalmannschaft-senegal","tag-senegal","tag-sport"],"share_on_mastodon":{"url":"https:\/\/pubeurope.com\/@de\/116613116417509925","error":""},"_links":{"self":[{"href":"https:\/\/www.europesays.com\/de\/wp-json\/wp\/v2\/posts\/1036072","targetHints":{"allow":["GET"]}}],"collection":[{"href":"https:\/\/www.europesays.com\/de\/wp-json\/wp\/v2\/posts"}],"about":[{"href":"https:\/\/www.europesays.com\/de\/wp-json\/wp\/v2\/types\/post"}],"author":[{"embeddable":true,"href":"https:\/\/www.europesays.com\/de\/wp-json\/wp\/v2\/users\/2"}],"replies":[{"embeddable":true,"href":"https:\/\/www.europesays.com\/de\/wp-json\/wp\/v2\/comments?post=1036072"}],"version-history":[{"count":0,"href":"https:\/\/www.europesays.com\/de\/wp-json\/wp\/v2\/posts\/1036072\/revisions"}],"wp:featuredmedia":[{"embeddable":true,"href":"https:\/\/www.europesays.com\/de\/wp-json\/wp\/v2\/media\/1036073"}],"wp:attachment":[{"href":"https:\/\/www.europesays.com\/de\/wp-json\/wp\/v2\/media?parent=1036072"}],"wp:term":[{"taxonomy":"category","embeddable":true,"href":"https:\/\/www.europesays.com\/de\/wp-json\/wp\/v2\/categories?post=1036072"},{"taxonomy":"post_tag","embeddable":true,"href":"https:\/\/www.europesays.com\/de\/wp-json\/wp\/v2\/tags?post=1036072"}],"curies":[{"name":"wp","href":"https:\/\/api.w.org\/{rel}","templated":true}]}}