{"id":1036133,"date":"2026-05-21T15:23:20","date_gmt":"2026-05-21T15:23:20","guid":{"rendered":"https:\/\/www.europesays.com\/de\/1036133\/"},"modified":"2026-05-21T15:23:20","modified_gmt":"2026-05-21T15:23:20","slug":"energiesicherheit-wozu-der-ukrainische-stromnetzbetreiber-der-eu-raet-table-briefings","status":"publish","type":"post","link":"https:\/\/www.europesays.com\/de\/1036133\/","title":{"rendered":"Energiesicherheit: Wozu der ukrainische Stromnetzbetreiber der EU r\u00e4t \u2022 Table.Briefings"},"content":{"rendered":"<p class=\"text-base md:text-xl font-semibold text-gray-700 leading-relaxed\">\n                Auf einer Ukraine-Konferenz im Ausw\u00e4rtigen Amt holte sich die Bundesregierung diese Woche Rat zur Verbesserung der Energiesicherheit. Der CEO des staatlichen \u00dcbertragungsnetzbetreibers Ukrenerho, Vitaliy Zaichenko, erkl\u00e4rt im Interview, wie Europa sein Stromnetz besser sch\u00fctzen sollte.\n            <\/p>\n<p>                                                            <img loading=\"lazy\" decoding=\"async\" src=\"https:\/\/www.europesays.com\/de\/wp-content\/uploads\/2026\/05\/1779376998_757_manuel-berkel.png\" alt=\"\" width=\"32\" height=\"32\" class=\"w-full h-full rounded-full\"\/><\/p>\n<p>\n                            21. Mai 2026\n                        <\/p>\n<p>\n                Empf\u00e4nger ben\u00f6tigen ein Abo zum Lesen\n            <\/p>\n<p>                                                                    <img loading=\"lazy\" decoding=\"async\" src=\"https:\/\/www.europesays.com\/de\/wp-content\/uploads\/2026\/05\/1779376998_7_manuel-berkel.png\" alt=\"\" width=\"40\" height=\"40\" class=\"w-full h-full rounded-full\"\/><\/p>\n<p>\n                        21. Mai 2026\n                    <\/p>\n<p>\n                Empf\u00e4nger ben\u00f6tigen ein Abo zum Lesen\n            <\/p>\n<p>    <img loading=\"lazy\" decoding=\"async\" src=\"https:\/\/www.europesays.com\/de\/wp-content\/uploads\/2026\/05\/vitaliy-zaychenko_ukrenerho.png\" alt=\"Vitaliy Zaychenko, CEO von Ukrenerho\" width=\"1024\" height=\"1147\" class=\"w-full md:h-auto print:h-auto object-cover rounded-lg\"\/><\/p>\n<p>        Vitaliy Zaychenko muss als CEO von Ukrenerho das ukrainische Strom\u00fcbertragungsnetz gegen russische Angriffe sch\u00fctzen. (Ukrenerho)    <\/p>\n<p class=\"mt-12 text-sm text-gray-600\">\n            Letzte Aktualisierung: 21. Mai 2026\n        <\/p>\n<p>            Artikel teilen:<\/p>\n<p>\n                Empf\u00e4nger ben\u00f6tigen ein Abo zum Lesen\n            <\/p>\n","protected":false},"excerpt":{"rendered":"Auf einer Ukraine-Konferenz im Ausw\u00e4rtigen Amt holte sich die Bundesregierung diese Woche Rat zur Verbesserung der Energiesicherheit. Der&hellip;\n","protected":false},"author":2,"featured_media":1036134,"comment_status":"","ping_status":"","sticky":false,"template":"","format":"standard","meta":{"footnotes":"","_share_on_mastodon":"0"},"categories":[3933],"tags":[21079,331,332,188339,548,663,158,3934,3935,13,14,15,12,7376,317,56686],"class_list":["post-1036133","post","type-post","status-publish","format-standard","has-post-thumbnail","category-eu","tag-stromnetze","tag-aktuelle-nachrichten","tag-aktuelle-news","tag-energiesicherheit","tag-eu","tag-europa","tag-europaeische-union","tag-europe","tag-european-union","tag-headlines","tag-nachrichten","tag-news","tag-schlagzeilen","tag-slowakei","tag-ukraine","tag-versorgungssicherheit"],"share_on_mastodon":{"url":"https:\/\/pubeurope.com\/@de\/116613258555846688","error":""},"_links":{"self":[{"href":"https:\/\/www.europesays.com\/de\/wp-json\/wp\/v2\/posts\/1036133","targetHints":{"allow":["GET"]}}],"collection":[{"href":"https:\/\/www.europesays.com\/de\/wp-json\/wp\/v2\/posts"}],"about":[{"href":"https:\/\/www.europesays.com\/de\/wp-json\/wp\/v2\/types\/post"}],"author":[{"embeddable":true,"href":"https:\/\/www.europesays.com\/de\/wp-json\/wp\/v2\/users\/2"}],"replies":[{"embeddable":true,"href":"https:\/\/www.europesays.com\/de\/wp-json\/wp\/v2\/comments?post=1036133"}],"version-history":[{"count":0,"href":"https:\/\/www.europesays.com\/de\/wp-json\/wp\/v2\/posts\/1036133\/revisions"}],"wp:featuredmedia":[{"embeddable":true,"href":"https:\/\/www.europesays.com\/de\/wp-json\/wp\/v2\/media\/1036134"}],"wp:attachment":[{"href":"https:\/\/www.europesays.com\/de\/wp-json\/wp\/v2\/media?parent=1036133"}],"wp:term":[{"taxonomy":"category","embeddable":true,"href":"https:\/\/www.europesays.com\/de\/wp-json\/wp\/v2\/categories?post=1036133"},{"taxonomy":"post_tag","embeddable":true,"href":"https:\/\/www.europesays.com\/de\/wp-json\/wp\/v2\/tags?post=1036133"}],"curies":[{"name":"wp","href":"https:\/\/api.w.org\/{rel}","templated":true}]}}