{"id":103614,"date":"2025-05-12T02:21:28","date_gmt":"2025-05-12T02:21:28","guid":{"rendered":"https:\/\/www.europesays.com\/de\/103614\/"},"modified":"2025-05-12T02:21:28","modified_gmt":"2025-05-12T02:21:28","slug":"eishockey-eisbaer-noebels-horror-rueckflug-nach-wm-aus-sport","status":"publish","type":"post","link":"https:\/\/www.europesays.com\/de\/103614\/","title":{"rendered":"Eishockey: Eisb\u00e4r Noebels: Horror-R\u00fcckflug nach WM-Aus | Sport"},"content":{"rendered":"<p><b>Marcel Noebels (33) ist Vizeweltmeister und Silbermedaillengewinner von Olympia. Doch v\u00f6llig \u00fcberraschend wurde er jetzt auch dem WM-Kader 2025 in Herning (D\u00e4nemark) gestrichen. Und der Meistereisb\u00e4r (vier Titel) hat eine Horror-R\u00fccktour hinter sich. Sein Flugzeug musste sogar notlanden.<\/b><\/p>\n<p>Noebels: \u201eUrspr\u00fcnglich brach ich auf, um nach zu Frankfurt zu fliegen. Doch unsere Maschine wurde nach Stuttgart umgeleitet und landete dort. Wir mussten anderthalb Stunden im geschlossenen Flieger sitzen, und uns wurde keine Erkl\u00e4rung daf\u00fcr gegeben. Dann ging es weiter nach Frankfurt. Von dort bin ich dann mit der Bahn zu Hause nach \u00fcber zehn Stunden angekommen.&#8220;<\/p>\n<p>Lesen Sie auch\u201eFreute mich so auf Tim St\u00fctzle\u201c<\/p>\n<p>Die Aussortierung aus dem WM-Kader hat den Berliner St\u00fcrmer hart getroffen. Noebels: \u201eDavon habe ich nichts geahnt und damit auch nicht gerechnet. Eine bittere Pille. Ich habe mich so darauf gefreut, mit meinem T\u00f6nisvorster Kumpel Tim St\u00fctzle zusammenzuspielen. Aber es ist, wie es ist. Ich habe mich vom Team verabschiedet und bin mit den Berliner Jungs noch zum Essen gegangen.&#8220; Der St\u00fcrmer-Star der Ottawa Senators aus der NHL r\u00fcckt nun f\u00fcr Noebels in den deutschen WM-Kader.<\/p>\n<p>Bundestrainer Harry Kreis (66): \u201eWir wollten einen Rechtssch\u00fctzen, wollten jemand behalten, der in Unterzahl, als Mittelst\u00fcrmer und auf der Au\u00dfenposition  eingesetzt werden kann. Marcel hat alles sehr professionell aufgenommen.\u201c<\/p>\n<p>Noch ein Jahr Vertrag in Berlin<\/p>\n<p>Wie geht es weiter? Noebels: \u201eErst mal muss ich zu Hause ankommen und fange dann schon wieder zeitig mit dem Training an. F\u00fcr zwei Wochen werde ich nach Marbella fliegen.\u201c Er freut sich auf die neue Saison mit den Eisb\u00e4ren, wo er noch ein Jahr unter Vertrag steht.<\/p>\n<p><a class=\"article-image__anchor\" href=\"https:\/\/aktionen.sportdeutschland.tv\/eishockey-wm?utm_campaign=56154336-Eishockey-WM%202025&amp;utm_source=BILD&amp;utm_medium=Banner\" target=\"_blank\" rel=\"noopener\"><img decoding=\"async\" width=\"992\" height=\"244\" alt=\"Teaser-Bild\" src=\"https:\/\/www.europesays.com\/de\/wp-content\/uploads\/2025\/05\/6951b35a59fe8a6aac59678e66625ee6,8e65cea8\"   class=\"dynamic\" loading=\"lazy\"\/><\/a><\/p>\n<p><a href=\"https:\/\/aktionen.sportdeutschland.tv\/eishockey-wm?utm_campaign=56154336-Eishockey-WM%202025&amp;utm_source=BILD&amp;utm_medium=Textanzeige\" target=\"_blank\" rel=\"nofollow noopener\" class=\"text-link--external text-link\">Ab 9. Mai Live dabei \u2013 erlebe alle 64 Spiele der EISHOCKEY-WM 2025 ohne Abo auf Sportdeutschland.tv!<\/a><\/p>\n","protected":false},"excerpt":{"rendered":"Marcel Noebels (33) ist Vizeweltmeister und Silbermedaillengewinner von Olympia. Doch v\u00f6llig \u00fcberraschend wurde er jetzt auch dem WM-Kader&hellip;\n","protected":false},"author":2,"featured_media":103615,"comment_status":"","ping_status":"","sticky":false,"template":"","format":"standard","meta":{"footnotes":""},"categories":[1825],"tags":[296,29,2100,39809,23939,30,22694,806,41019,45],"class_list":{"0":"post-103614","1":"post","2":"type-post","3":"status-publish","4":"format-standard","5":"has-post-thumbnail","7":"category-berlin","8":"tag-berlin","9":"tag-deutschland","10":"tag-eishockey","11":"tag-eishockey-nationalmannschaft","12":"tag-eishockey-wm","13":"tag-germany","14":"tag-lubrich-joerg","15":"tag-sport-leuchtturm-berlin","16":"tag-stuetzle-tim","17":"tag-texttospeech"},"share_on_mastodon":{"url":"https:\/\/pubeurope.com\/@de\/114492478996674390","error":""},"_links":{"self":[{"href":"https:\/\/www.europesays.com\/de\/wp-json\/wp\/v2\/posts\/103614","targetHints":{"allow":["GET"]}}],"collection":[{"href":"https:\/\/www.europesays.com\/de\/wp-json\/wp\/v2\/posts"}],"about":[{"href":"https:\/\/www.europesays.com\/de\/wp-json\/wp\/v2\/types\/post"}],"author":[{"embeddable":true,"href":"https:\/\/www.europesays.com\/de\/wp-json\/wp\/v2\/users\/2"}],"replies":[{"embeddable":true,"href":"https:\/\/www.europesays.com\/de\/wp-json\/wp\/v2\/comments?post=103614"}],"version-history":[{"count":0,"href":"https:\/\/www.europesays.com\/de\/wp-json\/wp\/v2\/posts\/103614\/revisions"}],"wp:featuredmedia":[{"embeddable":true,"href":"https:\/\/www.europesays.com\/de\/wp-json\/wp\/v2\/media\/103615"}],"wp:attachment":[{"href":"https:\/\/www.europesays.com\/de\/wp-json\/wp\/v2\/media?parent=103614"}],"wp:term":[{"taxonomy":"category","embeddable":true,"href":"https:\/\/www.europesays.com\/de\/wp-json\/wp\/v2\/categories?post=103614"},{"taxonomy":"post_tag","embeddable":true,"href":"https:\/\/www.europesays.com\/de\/wp-json\/wp\/v2\/tags?post=103614"}],"curies":[{"name":"wp","href":"https:\/\/api.w.org\/{rel}","templated":true}]}}