{"id":1036199,"date":"2026-05-21T15:59:13","date_gmt":"2026-05-21T15:59:13","guid":{"rendered":"https:\/\/www.europesays.com\/de\/1036199\/"},"modified":"2026-05-21T15:59:13","modified_gmt":"2026-05-21T15:59:13","slug":"union-berlin-mauro-lustrinelli-ist-die-neue-liebe-der-eisernen-sport","status":"publish","type":"post","link":"https:\/\/www.europesays.com\/de\/1036199\/","title":{"rendered":"Union Berlin: Mauro Lustrinelli ist die neue Liebe der Eisernen | Sport"},"content":{"rendered":"<p><a class=\"skip-content skip-content--link\" href=\"#in-content-skip-link-target-v-0-0\">TTS-Player \u00fcberspringen\u21b5<\/a><a id=\"in-content-skip-link-target-v-0-0\" class=\"skip-content--target-link-hidden skip-content skip-content--target-link\" href=\"#in-content-skip-link-target-v-0-0\">Artikel weiterlesen<\/a><\/p>\n<p data-21134c99=\"0-1425\"><b>Ist das die ganz gro\u00dfe Liebe? Union Berlin hat einen neuen Trainer: Mauro Lustrinelli (50), der bis zum letzten Wochenende noch den Schweizer Meister FC Thun trainierte. Am Donnerstag stellte der Verein den Eta-Nachfolger vor. Und dabei wurde es in K\u00f6penick pl\u00f6tzlich ganz gef\u00fchlvoll. <\/b><\/p>\n<p data-21134c99=\"0-1425\">Union-Manager Horst Heldt (56) erkl\u00e4rt direkt: \u201eWir sind sehr schnell auf Mauro Lustrinelli gekommen, haben sehr angenehme Gespr\u00e4che gef\u00fchrt. Und es hat schon in den ersten Gespr\u00e4chen gefunkt. Man entwickelt gleich ein Gef\u00fchl miteinander und das konnte man sp\u00fcren. Es war so eine Aura, die Mauro verk\u00f6rpert und darstellt.\u201c<\/p>\n<p>Mehr zum Thema<\/p>\n<p data-21134c99=\"0-1425\"><a href=\"https:\/\/www.bild.de\/sport\/fussball\/union-berlin-so-laeuft-die-suche-nach-dem-eta-nachfolger-6a0c5f153b7096456ac7c27b\" class=\"text-link\" rel=\"nofollow noopener\" target=\"_blank\">Lustrinelli war einer von drei Kandidaten,<\/a> mit denen die Eisernen gesprochen haben. Ihr Herz haben sie (nach Urs Fischer) wieder an einen Schweizer verloren. Und der neue Mann erwidert die Gef\u00fchle: \u201eIch bin sehr gl\u00fccklich. Ich freue mich, Teil dieser <a href=\"https:\/\/www.bild.de\/sport\/fussball\/union-berlin\/startseite-union-31148690.bild.html\" class=\"text-link\" rel=\"nofollow noopener\" target=\"_blank\">Union<\/a>-Familie zu sein. Die gr\u00f6\u00dfte Entscheidung in meinem Leben habe ich immer mit dem Herz genommen. F\u00fcr mich war schon am Anfang klar, dass ich gute Menschen getroffen habe.\u201c <\/p>\n<p data-21134c99=\"0-1425\">Und was ist mit Fu\u00dfball? Um den ging es im ersten Moment gar nicht, wie Lustrinelli erz\u00e4hlt: \u201eDie ersten drei Stunden haben wir nicht \u00fcber Fu\u00dfball geredet. Wir haben \u00fcber das Leben geredet und das war f\u00fcr mich wichtig. Am Schluss sind wir Menschen und es geht darum, eine Beziehung aufzubauen.\u201c <\/p>\n<p data-21134c99=\"0-1425\">Am Ende geht&#8217;s bei einem Fu\u00dfballverein trotzdem um die Spielphilosophie und das, was auf dem Platz passiert. Lustrinelli ist bekannt f\u00fcr seinen offensiven Stil \u2013 in der Vergangenheit nicht die St\u00e4rke der Eisernen. Pr\u00e4sident Dirk Zingler (61) hatte in dieser Woche, aber bereits angek\u00fcndigt, dass <a href=\"https:\/\/www.bild.de\/sport\/fussball\/union-berlin\/startseite-union-31148690.bild.html\" class=\"text-link\" rel=\"nofollow noopener\" target=\"_blank\">Union<\/a> sich entwickeln will. Daf\u00fcr ist jetzt Lustrinelli da. <\/p>\n<p data-21134c99=\"1426-2376\">Und der hat unter Marie-Louise Eta (34) schon die richtigen Ans\u00e4tze gesehen: \u201eDie letzten Spiele hatten bereits viel von meiner Idee. Die Mannschaft hat dynamisch gespielt. Das ist nat\u00fcrlich auch mit der Energie gebunden. Das wollen wir auch t\u00e4glich. Ich m\u00f6chte genauso spielen: offensiv, dynamisch nach vorn, mit Energie, mit Leidenschaft. Das muss man nat\u00fcrlich kreieren, das wird nat\u00fcrlich ein Prozess.\u201c <\/p>\n<p data-21134c99=\"1426-2376\">Wenn Lustrinellis Plan aufgeht, werden die Fans k\u00fcnftig also mehr Spektakel in der Alten F\u00f6rsterei sehen. Bis er mit der Mannschaft daran arbeiten kann, dauert es aber noch etwas: Trainingsauftakt ist erst am 28. Juni \u2013 dann wird er auch die Spieler offiziell kennenlernen. <\/p>\n","protected":false},"excerpt":{"rendered":"TTS-Player \u00fcberspringen\u21b5Artikel weiterlesen Ist das die ganz gro\u00dfe Liebe? Union Berlin hat einen neuen Trainer: Mauro Lustrinelli (50),&hellip;\n","protected":false},"author":2,"featured_media":1036200,"comment_status":"","ping_status":"","sticky":false,"template":"","format":"standard","meta":{"footnotes":"","_share_on_mastodon":"0"},"categories":[1825],"tags":[297,296,29,538,347,30,19314,806,4581,5843,51413],"class_list":["post-1036199","post","type-post","status-publish","format-standard","has-post-thumbnail","category-berlin","tag-1-fc-union-berlin","tag-berlin","tag-deutschland","tag-erste-bundesliga","tag-fussball","tag-germany","tag-heldt-horst","tag-sport-leuchtturm-berlin","tag-sport-tag-im-ticker","tag-trainer","tag-zingler-dirk"],"share_on_mastodon":{"url":"https:\/\/pubeurope.com\/@de\/116613399752478321","error":""},"_links":{"self":[{"href":"https:\/\/www.europesays.com\/de\/wp-json\/wp\/v2\/posts\/1036199","targetHints":{"allow":["GET"]}}],"collection":[{"href":"https:\/\/www.europesays.com\/de\/wp-json\/wp\/v2\/posts"}],"about":[{"href":"https:\/\/www.europesays.com\/de\/wp-json\/wp\/v2\/types\/post"}],"author":[{"embeddable":true,"href":"https:\/\/www.europesays.com\/de\/wp-json\/wp\/v2\/users\/2"}],"replies":[{"embeddable":true,"href":"https:\/\/www.europesays.com\/de\/wp-json\/wp\/v2\/comments?post=1036199"}],"version-history":[{"count":0,"href":"https:\/\/www.europesays.com\/de\/wp-json\/wp\/v2\/posts\/1036199\/revisions"}],"wp:featuredmedia":[{"embeddable":true,"href":"https:\/\/www.europesays.com\/de\/wp-json\/wp\/v2\/media\/1036200"}],"wp:attachment":[{"href":"https:\/\/www.europesays.com\/de\/wp-json\/wp\/v2\/media?parent=1036199"}],"wp:term":[{"taxonomy":"category","embeddable":true,"href":"https:\/\/www.europesays.com\/de\/wp-json\/wp\/v2\/categories?post=1036199"},{"taxonomy":"post_tag","embeddable":true,"href":"https:\/\/www.europesays.com\/de\/wp-json\/wp\/v2\/tags?post=1036199"}],"curies":[{"name":"wp","href":"https:\/\/api.w.org\/{rel}","templated":true}]}}