{"id":1036240,"date":"2026-05-21T16:21:19","date_gmt":"2026-05-21T16:21:19","guid":{"rendered":"https:\/\/www.europesays.com\/de\/1036240\/"},"modified":"2026-05-21T16:21:19","modified_gmt":"2026-05-21T16:21:19","slug":"landtagskandidaten-2027-aus-moenchengladbach-wer-schon-aufgestellt-ist","status":"publish","type":"post","link":"https:\/\/www.europesays.com\/de\/1036240\/","title":{"rendered":"Landtagskandidaten 2027 aus M\u00f6nchengladbach: Wer schon aufgestellt ist"},"content":{"rendered":"<p class=\"text_ohne_einzug richtext text-em-55 !leading-serif mx-6 desktop:mx-0\"> Am Sonntag, 25. April 2027, w\u00e4hlt <a href=\"https:\/\/rp-online.de\/thema\/nordrhein-westfalen\/\" rel=\"nofollow noopener\" target=\"_blank\">Nordrhein-Westfalen<\/a> einen neuen Landtag. <a href=\"https:\/\/rp-online.de\/thema\/moenchengladbach\/\" rel=\"nofollow noopener\" target=\"_blank\">M\u00f6nchengladbach<\/a> ist f\u00fcr Landtagswahlen unterteilt in den Wahlkreis 50 (S\u00fcd), der die Rheydter Innenstadt beinhaltet, und den Wahlkreis 51 (Nord), der die Gladbacher Innenstadt umfasst. Die Parteien stellen Landeslisten sowie Direktkandidaten auf \u2013 letztere stehen teilweise schon fest.<\/p>\n","protected":false},"excerpt":{"rendered":"Am Sonntag, 25. April 2027, w\u00e4hlt Nordrhein-Westfalen einen neuen Landtag. M\u00f6nchengladbach ist f\u00fcr Landtagswahlen unterteilt in den Wahlkreis&hellip;\n","protected":false},"author":2,"featured_media":1036241,"comment_status":"","ping_status":"","sticky":false,"template":"","format":"standard","meta":{"footnotes":"","_share_on_mastodon":"0"},"categories":[1849],"tags":[19297,3364,29,548,663,3934,30,13,222237,4455,14,15,1209,5566,12,17461],"class_list":["post-1036240","post","type-post","status-publish","format-standard","has-post-thumbnail","category-moenchengladbach","tag-aufgestellt","tag-de","tag-deutschland","tag-eu","tag-europa","tag-europe","tag-germany","tag-headlines","tag-landtagskandidaten","tag-moenchengladbach","tag-nachrichten","tag-news","tag-nordrhein-westfalen","tag-parteien","tag-schlagzeilen","tag-ueberblick"],"share_on_mastodon":{"url":"https:\/\/pubeurope.com\/@de\/116613486660394407","error":""},"_links":{"self":[{"href":"https:\/\/www.europesays.com\/de\/wp-json\/wp\/v2\/posts\/1036240","targetHints":{"allow":["GET"]}}],"collection":[{"href":"https:\/\/www.europesays.com\/de\/wp-json\/wp\/v2\/posts"}],"about":[{"href":"https:\/\/www.europesays.com\/de\/wp-json\/wp\/v2\/types\/post"}],"author":[{"embeddable":true,"href":"https:\/\/www.europesays.com\/de\/wp-json\/wp\/v2\/users\/2"}],"replies":[{"embeddable":true,"href":"https:\/\/www.europesays.com\/de\/wp-json\/wp\/v2\/comments?post=1036240"}],"version-history":[{"count":0,"href":"https:\/\/www.europesays.com\/de\/wp-json\/wp\/v2\/posts\/1036240\/revisions"}],"wp:featuredmedia":[{"embeddable":true,"href":"https:\/\/www.europesays.com\/de\/wp-json\/wp\/v2\/media\/1036241"}],"wp:attachment":[{"href":"https:\/\/www.europesays.com\/de\/wp-json\/wp\/v2\/media?parent=1036240"}],"wp:term":[{"taxonomy":"category","embeddable":true,"href":"https:\/\/www.europesays.com\/de\/wp-json\/wp\/v2\/categories?post=1036240"},{"taxonomy":"post_tag","embeddable":true,"href":"https:\/\/www.europesays.com\/de\/wp-json\/wp\/v2\/tags?post=1036240"}],"curies":[{"name":"wp","href":"https:\/\/api.w.org\/{rel}","templated":true}]}}