{"id":1036252,"date":"2026-05-21T16:28:23","date_gmt":"2026-05-21T16:28:23","guid":{"rendered":"https:\/\/www.europesays.com\/de\/1036252\/"},"modified":"2026-05-21T16:28:23","modified_gmt":"2026-05-21T16:28:23","slug":"bundespolizei-schnappt-mutmasslichen-schleuser-im-muensterland","status":"publish","type":"post","link":"https:\/\/www.europesays.com\/de\/1036252\/","title":{"rendered":"Bundespolizei schnappt mutma\u00dflichen Schleuser im M\u00fcnsterland"},"content":{"rendered":"<p>Kriminalit\u00e4t <\/p>\n<p>Bundespolizei schnappt mutma\u00dflichen Schleuser im M\u00fcnsterland<\/p>\n<p>Aktualisiert am 21.05.2026 &#8211; 17:41 UhrLesedauer: 1 Min.<\/p>\n<p><a href=\"#focus-0\" class=\"transition-colors duration-200 block text-current relative\" data-sctrack=\"FocusGalleryImage.Reference\"><img fetchpriority=\"high\" data-testid=\"Opener.Image\"   loading=\"eager\" src=\"https:\/\/www.europesays.com\/de\/wp-content\/uploads\/2026\/05\/fahrzeuge-der-bundespolizei-stehen-auf-einer-strasse-in-ahlen-ermittler-aus-mehreren-europaeischen-l.jpeg\" alt=\"Durchsuchungen nach Bootsschleusungen\" title=\"Durchsuchungen nach Bootsschleusungen\" width=\"2048\" height=\"1152\" class=\"bg-[url:var(--lqipURL)] bg-cover bg-center flex h-full w-full max-w-full\" style=\"--lqipURL:url('https:\/\/images.t-online.de\/2026\/05\/ffgzFp9cOnBK\/0x23:2048x1152\/fit-in\/150x0\/filters:blur(25)\/fahrzeuge-der-bundespolizei-stehen-auf-einer-strasse-in-ahlen-ermittler-aus-mehreren-europaeischen-laendern-haben-objekte-im-muensterland-durchsucht.jpg')\" decoding=\"async\"\/><img loading=\"lazy\" src=\"https:\/\/muenster.t-online.de\/s\/paper\/_next\/static\/media\/zoom-in.f7dae02f.svg\" alt=\"Vergr\u00f6\u00dfern des Bildes\" title=\"Vergr\u00f6\u00dfern des Bildes\" class=\"block h-[calc(var(--height)_\/_16_*_1rem)] w-[calc(var(--width)_\/_16_*_1rem)] max-w-none absolute bottom-8 right-8 rounded-4 bg-snow p-8\" style=\"--width:32;--height:32\" decoding=\"async\"\/><\/a><\/p>\n<p>Fahrzeuge der Bundespolizei stehen auf einer Stra\u00dfe in Ahlen. Ermittler aus mehreren europ\u00e4ischen L\u00e4ndern haben Objekte im M\u00fcnsterland durchsucht. (Quelle: Max Lametz\/dpa\/dpa-bilder)<\/p>\n<p class=\"font-bold text-18 leading-17 user-text-lg:text-22 user-text-xl:text-24\">Im M\u00fcnsterland wurden mehrere Geb\u00e4ude wegen des Verdachts auf Schleusungen nach Gro\u00dfbritannien durchsucht. Ein Franzose wurde vorl\u00e4ufig festgenommen. Die Ermittlungen laufen weiter.<\/p>\n<p class=\"text-18 leading-17 user-text-lg:text-22 user-text-xl:text-24\">Im Auftrag mehrerer europ\u00e4ischer Strafverfolgungsbeh\u00f6rden hat die Bundespolizei Objekte im M\u00fcnsterland durchsucht und einen Franzosen vorl\u00e4ufig festgenommen. Bei dem Tatvorwurf geht es nach Angaben der D\u00fcsseldorfer Staatsanwaltschaft um das Schleusen von Bootsfl\u00fcchtlingen \u00fcber den \u00c4rmelkanal nach Gro\u00dfbritannien. Die mutma\u00dflichen T\u00e4ter sollen dabei gewerbs- und bandenm\u00e4\u00dfig vorgegangen sein.<\/p>\n<p class=\"text-18 leading-17 user-text-lg:text-22 user-text-xl:text-24\">Durchsucht wurden Geb\u00e4ude in M\u00fcnster, Drensteinfurt, Ahlen (beides im Kreis Warendorf) und Werne im Kreis Unna. Die Ermittler, die von Kollegen aus Frankreich und Gro\u00dfbritannien begleitet wurden, stellten Beweismaterial sicher. Bei dem Franzosen wurde ein europ\u00e4ischer Haftbefehl vollstreckt. Der Mann sollte noch am Donnerstag einem Haftrichter vorgef\u00fchrt werden. \u00dcber eine m\u00f6gliche Abschiebung muss die Generalstaatsanwaltschaft in Hamm entscheiden. Die Ermittlungen dauern an.<\/p>\n","protected":false},"excerpt":{"rendered":"Kriminalit\u00e4t Bundespolizei schnappt mutma\u00dflichen Schleuser im M\u00fcnsterland Aktualisiert am 21.05.2026 &#8211; 17:41 UhrLesedauer: 1 Min. Fahrzeuge der Bundespolizei&hellip;\n","protected":false},"author":2,"featured_media":1036253,"comment_status":"","ping_status":"","sticky":false,"template":"","format":"standard","meta":{"footnotes":"","_share_on_mastodon":"0"},"categories":[1843],"tags":[17788,421,3364,29,514,30,551,8970,45568,1209,222239],"class_list":["post-1036252","post","type-post","status-publish","format-standard","has-post-thumbnail","category-muenster","tag-ahlen","tag-bundespolizei","tag-de","tag-deutschland","tag-fahrzeug","tag-germany","tag-grossbritannien","tag-muenster","tag-muensterland","tag-nordrhein-westfalen","tag-schleusung"],"share_on_mastodon":{"url":"https:\/\/pubeurope.com\/@de\/116613515314982945","error":""},"_links":{"self":[{"href":"https:\/\/www.europesays.com\/de\/wp-json\/wp\/v2\/posts\/1036252","targetHints":{"allow":["GET"]}}],"collection":[{"href":"https:\/\/www.europesays.com\/de\/wp-json\/wp\/v2\/posts"}],"about":[{"href":"https:\/\/www.europesays.com\/de\/wp-json\/wp\/v2\/types\/post"}],"author":[{"embeddable":true,"href":"https:\/\/www.europesays.com\/de\/wp-json\/wp\/v2\/users\/2"}],"replies":[{"embeddable":true,"href":"https:\/\/www.europesays.com\/de\/wp-json\/wp\/v2\/comments?post=1036252"}],"version-history":[{"count":0,"href":"https:\/\/www.europesays.com\/de\/wp-json\/wp\/v2\/posts\/1036252\/revisions"}],"wp:featuredmedia":[{"embeddable":true,"href":"https:\/\/www.europesays.com\/de\/wp-json\/wp\/v2\/media\/1036253"}],"wp:attachment":[{"href":"https:\/\/www.europesays.com\/de\/wp-json\/wp\/v2\/media?parent=1036252"}],"wp:term":[{"taxonomy":"category","embeddable":true,"href":"https:\/\/www.europesays.com\/de\/wp-json\/wp\/v2\/categories?post=1036252"},{"taxonomy":"post_tag","embeddable":true,"href":"https:\/\/www.europesays.com\/de\/wp-json\/wp\/v2\/tags?post=1036252"}],"curies":[{"name":"wp","href":"https:\/\/api.w.org\/{rel}","templated":true}]}}