{"id":1036321,"date":"2026-05-21T17:07:20","date_gmt":"2026-05-21T17:07:20","guid":{"rendered":"https:\/\/www.europesays.com\/de\/1036321\/"},"modified":"2026-05-21T17:07:20","modified_gmt":"2026-05-21T17:07:20","slug":"mitten-in-schwenningen-dhbw-startet-neues-one-campus-zeitalter-villingen-schwenningen-umgebung","status":"publish","type":"post","link":"https:\/\/www.europesays.com\/de\/1036321\/","title":{"rendered":"Mitten in Schwenningen: DHBW startet neues One Campus-Zeitalter &#8211; Villingen-Schwenningen &#038; Umgebung"},"content":{"rendered":"<p> Grund zum Feiern gab es am Mittwoch bei der offiziellen Einweihung des sanierten Geb\u00e4udes C der Dualen Hochschule <a href=\"https:\/\/www.schwarzwaelder-bote.de\/thema\/Baden-W%C3%BCrttemberg\" title=\"Baden-W\u00fcrttemberg\" class=\"art_thema\" rel=\"nofollow noopener\" target=\"_blank\">Baden-W\u00fcrttemberg<\/a> (DHBW) Villingen-<a href=\"https:\/\/www.schwarzwaelder-bote.de\/thema\/Schwenningen\" title=\"Schwenningen\" class=\"art_thema\" rel=\"nofollow noopener\" target=\"_blank\">Schwenningen<\/a>, das sich entlang der Friedrich-Ebert-Stra\u00dfe befindet und schon seit ein paar Monaten im neuen Glanz erstrahlt, nicht nur f\u00fcr Rektor Lars Meierling, sondern f\u00fcr viele andere Hochschul-Akteure.<\/p>\n<p>Egal ob die Professoren und Dozenten der DHBW oder benachbarten HFU, auch Duale Partner und sonstige Beteiligte des One Campus-Konzepts hatten die M\u00f6glichkeit, das neu er\u00f6ffnete Geb\u00e4ude einmal aus Sicht eines Studenten kennenzulernen und in die einzelnen R\u00e4ume hineinzuschnuppern. Auf den f\u00fcnf neu gestalteten Stockwerken gibt es etwa das KI-Kompetenzzentrum, digital ausgestattete Seminarr\u00e4ume, Cube oder Planspiel \u2013 alles Elemente, so hei\u00dft es, die innovatives Lernen, interdisziplin\u00e4re Begegnungen und zukunftsorientierte Infrastruktur vereinen sollen.<\/p>\n<p>Ein Kulturprojekt <\/p>\n<p>\u00dcberhaupt bedeutet f\u00fcr Rektor Lars Meierling das <a href=\"https:\/\/www.schwarzwaelder-bote.de\/inhalt.dhbw-vs-im-umbruch-diese-konsequenzen-hat-der-one-campus-fuer-stadt-und-studenten.fa2749d2-5b21-4b7a-bf8b-b734ff7d7af8.html\" target=\"_blank\" rel=\"nofollow noopener\">Gesamtprojekt One Campus<\/a> kein reines Bau-, sondern ein Kulturprojekt, wie er im Gespr\u00e4ch betont. Zusammenarbeit, t\u00e4gliche Gemeinschaft \u2013 alles Begriffe, die er mit dem neuen Konzept verbindet. \u201eDie Hochschule lebt nicht von Pr\u00fcfungsordnungen, sondern vom Miteinander\u201c, erg\u00e4nzt er.<\/p>\n<p>So sei es auch Aufgabe der Hochschule, Sozial- und Selbstkompetenzen zu st\u00e4rken. \u201eWir m\u00fcssen den Austausch f\u00f6rdern und Interaktion gestalten\u201c, sagt Meierling. F\u00fcr die Kompetenz- statt reiner Wissensvermittlung sei auch das richtige Lehrraumsetting unabdingbar. Zusammen mit Gesamtprojektleiterin Nicole Maier zeigt der Rektor beispielhaft einen Lehr-Lernraum mit Active Board, in dem die Tische f\u00fcr Klausuren oder Gruppenarbeiten flexibel und schnell umgebaut werden k\u00f6nnen.<\/p>\n<p>Aus zwei mach eins <\/p>\n<p>Und das alles gilt f\u00fcr die beiden DHBW-Fakult\u00e4ten Wirtschaft und Sozialwesen, die seit Anfang des Jahres am gleichen Standort vereint in der Friedrich-Ebert-Stra\u00dfe \u2013 eben im neuen C-Geb\u00e4ude \u2013 bestehen. Bisher war die Fakult\u00e4t Sozialwesen am Standort Schramberger Stra\u00dfe sowie in der B\u00fcrkstra\u00dfe untergebracht. Das ehemalige EVS-Geb\u00e4ude in der B\u00fcrkstra\u00dfe hat die DHBW im Herbst 2025 zur\u00fcckgegeben, <a href=\"https:\/\/www.schwarzwaelder-bote.de\/inhalt.one-campus-strategie-in-vs-kapitel-schramberger-strasse-endet.45d459a3-ff1e-4713-b075-e51c8c2c7872.html\" target=\"_blank\" rel=\"nofollow noopener\">die Schramberger Stra\u00dfe steht seit Ende vergangenen Jahres leer<\/a>.<\/p>\n<p>  <img decoding=\"async\" loading=\"lazy\" src=\"https:\/\/www.europesays.com\/de\/wp-content\/uploads\/2026\/05\/media.media.69fe3d32-2495-47df-9390-1398a1477e8d.original1024.media.jpeg\"\/>     Rektor Lars Meierling (links) und Aaron Hau\u00dfmann, Leiter des Education Support Centers im f\u00fcnften Stockwerk des C-Geb\u00e4udes der DHBW, testen den hauseigenen Roboter.    Foto: Mareike Kratt    <\/p>\n<p>Dass dieser Meilenstein vollzogen wird \u2013 und vor allem so schnell \u2013 davon hat vor zwei Jahren noch niemand etwas geahnt \u2013 wenngleich die reine Sanierung des C-Geb\u00e4udes bereits in den Startl\u00f6chern stand. Erst nach der <a href=\"https:\/\/www.schwarzwaelder-bote.de\/inhalt.neuer-rektor-an-der-dhbw-schwenningen-lars-meierling-will-die-hochschule-zukunftsfaehiger-machen.e248abb7-8d54-4972-a514-f1e9cb0ff239.html\" target=\"_blank\" rel=\"nofollow noopener\">Amts\u00fcbernahme durch Lars Meierling<\/a> im Sommer 2024 sei das Projekt durch einen Verbesserungsvorschlag aus der Sozialwesen-Fakult\u00e4t ins Rollen gekommen.<\/p>\n<p> Die Raumoptimierung <\/p>\n<p>Der neue Rektor, der wie er selber sagt, ein \u201eFaible f\u00fcr Raumoptimierung\u201c hat, habe f\u00fcr One-Campus-Vision sofort Mitstreiter gefunden. Zumal das Vorgehen, Fl\u00e4chen zu pr\u00fcfen und zu reduzieren, sowieso die grunds\u00e4tzliche Strategie des Ministeriums sei, erkl\u00e4rt Meierling \u2013 im \u00dcbrigen auch in vielen anderen Bereichen.<\/p>\n<p>\u201eWir haben genug R\u00e4ume hier \u2013 und wir haben uns getraut\u201c, freut er sich \u00fcber den Schritt, der nicht zuletzt auch mit Blick auf den demografischen Wandel und die derzeit nicht zu erwartenden steigenden Studentenzahlen getan wurde.<\/p>\n<p>Beeindruckt zeigt sich Lars Meierling von der Teamleistung, durch die die einstige Vision habe \u201ein Rekordzeit\u201c umgesetzt werden k\u00f6nnen. Auch die HFU, mit der man eng verbunden sei, habe auf unb\u00fcrokratische Weise \u201eextrem geholfen\u201c und unter anderem acht R\u00e4ume im eigenen Campus zur Verf\u00fcgung gestellt.<\/p>\n<p> \u201eHier ist Leben\u201c <\/p>\n<p>Seit Anfang des Jahres also lernen und arbeiten die Studenten der Fakult\u00e4ten Sozialwesen und Wirtschaft neben- beziehungsweise miteinander. \u201eHier ist Leben\u201c, freut sich der Rektor, dass das erste Fazit der Zusammenlegung positiv ausf\u00e4llt. Hier h\u00e4tten nun alle eine infrastrukturelle Anbindung und auch die Mensa sei besser ausgelastet.<\/p>\n<p>   <img decoding=\"async\" loading=\"lazy\" src=\"https:\/\/www.europesays.com\/de\/wp-content\/uploads\/2026\/05\/media.media.eb987f3e-e319-4eac-b508-02ae2307a646.original1024.media.jpeg\"\/>     Das C-Geb\u00e4ude in der Schwenninger Friedrich-Ebert-Stra\u00dfe ist saniert worden. Hier sind ab sofort die DHBW-Fakult\u00e4ten Wirtschaft und Sozialwesen untergebracht.    Foto: Mareike Kratt    <\/p>\n<p>Doch mit Blick auf die weitere Ausgestaltung des One-Campus-Gedanken sagt er auch: \u201eDie L\u00f6sung von gesellschaftlichen Problemen funktioniert nicht blo\u00df durch eine gemeinsame Fakult\u00e4t.\u201c Gemeinsame Projekte rund um Digitalisierung, Nachhaltigkeit oder Klimaneutralit\u00e4t sind angesto\u00dfen und sollen die sozialen und wirtschaftlichen Komponenten vereinen.<\/p>\n<p>Und auch mit der HFU sind Projekte geplant, durch die Ressourcen gemeinsam genutzt und der Standort als \u201eHochschulcampus in <a href=\"https:\/\/www.schwarzwaelder-bote.de\/thema\/Villingen-Schwenningen\" title=\"Villingen-Schwenningen\" class=\"art_thema\" rel=\"nofollow noopener\" target=\"_blank\">Villingen-Schwenningen<\/a>\u201c sichtbar gemacht werden soll.<\/p>\n","protected":false},"excerpt":{"rendered":"Grund zum Feiern gab es am Mittwoch bei der offiziellen Einweihung des sanierten Geb\u00e4udes C der Dualen Hochschule&hellip;\n","protected":false},"author":2,"featured_media":1036322,"comment_status":"","ping_status":"","sticky":false,"template":"","format":"standard","meta":{"footnotes":"","_share_on_mastodon":"0"},"categories":[1830],"tags":[1634,3364,29,11471,30,3668,221745,222250,222251,221746,3667,126917,1441,26853,3665],"class_list":["post-1036321","post","type-post","status-publish","format-standard","has-post-thumbnail","category-stuttgart","tag-baden-wuerttemberg","tag-de","tag-deutschland","tag-friedrich-ebert-strasse","tag-germany","tag-kreis-schwarzwald-baar","tag-lars-meierling","tag-mareike-kratt","tag-nicole-maier","tag-schramberger-strasse","tag-schwarzwald-baar-kreis","tag-schwenningen","tag-stuttgart","tag-villingen-schwenningen","tag-villingen-schwenningen-umgebung"],"share_on_mastodon":{"url":"https:\/\/pubeurope.com\/@de\/116613668679968606","error":""},"_links":{"self":[{"href":"https:\/\/www.europesays.com\/de\/wp-json\/wp\/v2\/posts\/1036321","targetHints":{"allow":["GET"]}}],"collection":[{"href":"https:\/\/www.europesays.com\/de\/wp-json\/wp\/v2\/posts"}],"about":[{"href":"https:\/\/www.europesays.com\/de\/wp-json\/wp\/v2\/types\/post"}],"author":[{"embeddable":true,"href":"https:\/\/www.europesays.com\/de\/wp-json\/wp\/v2\/users\/2"}],"replies":[{"embeddable":true,"href":"https:\/\/www.europesays.com\/de\/wp-json\/wp\/v2\/comments?post=1036321"}],"version-history":[{"count":0,"href":"https:\/\/www.europesays.com\/de\/wp-json\/wp\/v2\/posts\/1036321\/revisions"}],"wp:featuredmedia":[{"embeddable":true,"href":"https:\/\/www.europesays.com\/de\/wp-json\/wp\/v2\/media\/1036322"}],"wp:attachment":[{"href":"https:\/\/www.europesays.com\/de\/wp-json\/wp\/v2\/media?parent=1036321"}],"wp:term":[{"taxonomy":"category","embeddable":true,"href":"https:\/\/www.europesays.com\/de\/wp-json\/wp\/v2\/categories?post=1036321"},{"taxonomy":"post_tag","embeddable":true,"href":"https:\/\/www.europesays.com\/de\/wp-json\/wp\/v2\/tags?post=1036321"}],"curies":[{"name":"wp","href":"https:\/\/api.w.org\/{rel}","templated":true}]}}