{"id":1036437,"date":"2026-05-21T18:18:13","date_gmt":"2026-05-21T18:18:13","guid":{"rendered":"https:\/\/www.europesays.com\/de\/1036437\/"},"modified":"2026-05-21T18:18:13","modified_gmt":"2026-05-21T18:18:13","slug":"muenchen-nuernberg-bayreuth-darum-waren-am-donnerstag-21-5-brunnen-gruen-gefaerbt","status":"publish","type":"post","link":"https:\/\/www.europesays.com\/de\/1036437\/","title":{"rendered":"M\u00fcnchen, N\u00fcrnberg, Bayreuth: Darum waren am Donnerstag (21.5.) Brunnen gr\u00fcn gef\u00e4rbt"},"content":{"rendered":"<p class=\"mb-6 text-xs md:text-m lg:text-l font-serif group-[.font-sans]:font-sans \">\n    Wer am Donnerstag, 21. Mai, auf einen <a href=\"https:\/\/www.augsburger-allgemeine.de\/politik\/extinction-rebellion-protest-gegen-gaspolitik-brunnen-leuchten-bundesweit-gruen-114283278\" target=\"_self\" class=\"underline \" rel=\"nofollow noopener\">gr\u00fcn eingef\u00e4rbten Brunnen<\/a> gesto\u00dfen ist, d\u00fcrfte zun\u00e4chst etwas verwundert gewesen sein. In mehreren deutschen St\u00e4dten leuchtete das Wasser einiger Brunnen giftgr\u00fcn. Auch in drei bayerischen St\u00e4dten war das zu beobachten. Dahinter steckte eine Protestaktion.\n  <\/p>\n<p>            Gr\u00fcn gef\u00e4rbte Brunnen als Protestaktion von Extinction Rebellion<\/p>\n<p class=\"mb-6 text-xs md:text-m lg:text-l font-serif group-[.font-sans]:font-sans \">\n    Wie die <a href=\"https:\/\/www.augsburger-allgemeine.de\/augsburg\/demo-am-freitag-12-dezember-in-augsburgs-innenstadt-klimaaktivisten-zuenden-weltkugel-an-und-tragen-sarg-112978848\" target=\"_self\" class=\"underline \" rel=\"nofollow noopener\">Umweltschutzaktivisten von Extinction Rebellion Deutschland<\/a> (selbst h\u00e4ufig als XR abgek\u00fcrzt) unter anderem auf Instagram mitteilten, steckten sie hinter der Aktion. Ihr Protest richtete sich dabei gegen die \u201eaktuelle Gaspolitik\u201c, wie dort zu lesen war.\n  <\/p>\n<p class=\"mb-6 text-xs md:text-m lg:text-l font-serif group-[.font-sans]:font-sans \">\n    Demnach h\u00e4tten die Aktivistinnen und Aktivisten bundesweit in einigen St\u00e4dten das Wasser in Brunnen mit \u201eungiftigem gr\u00fcnem Farbstoff eingef\u00e4rbt\u201c. Es soll sich dabei um Uranin gehandelt haben \u2013 ein Stoff, der ungiftig und fluoreszierend sei und innerhalb weniger Stunden bis Tage wieder vollst\u00e4ndig verschwinde.\n  <\/p>\n<p>            Gr\u00fcn gef\u00e4rbte Brunnen in M\u00fcnchen, N\u00fcrnberg und Bayreuth<\/p>\n<p class=\"mb-6 text-xs md:text-m lg:text-l font-serif group-[.font-sans]:font-sans \">\n    Die Protestierenden schreiben in ihrer Erkl\u00e4rung, dass Gas als Energietr\u00e4ger \u201ekeine Zukunftsl\u00f6sung\u201c sei. \u201eWindkraft und Solar bieten sichere, preiswerte Energie und st\u00e4rken Deutschlands Unabh\u00e4ngigkeit\u201c, hei\u00dft es dort weiter. Der Protest richtete sich teils direkt an <a href=\"https:\/\/www.augsburger-allgemeine.de\/politik\/oel-und-gas-heizung-auch-ueber-2045-erlaubt-bundesregierung-kippt-das-aus-fuer-fossile-brennstoffe-114156790\" target=\"_self\" class=\"underline \" rel=\"nofollow noopener\">Bundeswirtschaftsministerin Katherina Reiche (CDU)<\/a>. Laut XR-Pressesprecherin Manon Gerhardt sorge sie \u201elangfristig f\u00fcr steigende Energiepreise\u201c. Die \u201eheimische nachhaltige Energieerzeugung\u201c werde \u201eoffensichtlich im Interesse gro\u00dfer Gaskonzerne\u201c gebremst. \ufe0f\n  <\/p>\n<p>    <img decoding=\"async\" src=\"https:\/\/www.europesays.com\/de\/wp-content\/uploads\/2026\/05\/urnnewsmldpacom20090101260521-99-494276-v2-s2048.jpg\" alt=\"Der Protest richtete sich gegen die \u201eaktuelle Gaspolitik\u201c von Wirtschaftsministerin Reiche (CDU).\" title=\"Der Protest richtete sich gegen die \u201eaktuelle Gaspolitik\u201c von Wirtschaftsministerin Reiche (CDU).\" loading=\"lazy\" class=\"h-full w-full object-cover\"\/><\/p>\n<p>      Icon vergr\u00f6\u00dfern<\/p>\n<p>    Der Protest richtete sich gegen die \u201eaktuelle Gaspolitik\u201c von Wirtschaftsministerin Reiche (CDU).<br \/>\n    Foto: Christophe Gateau, dpa<\/p>\n<p>        Schlie\u00dfen <\/p>\n<p>      Icon Schlie\u00dfen<\/p>\n<p>        Icon vergr\u00f6\u00dfern<\/p>\n<p>        Icon verkleinern<\/p>\n<p>      Icon Pfeil bewegen<\/p>\n<p>    Der Protest richtete sich gegen die \u201eaktuelle Gaspolitik\u201c von Wirtschaftsministerin Reiche (CDU).<br \/>\n    Foto: Christophe Gateau, dpa<\/p>\n<p class=\"mb-6 text-xs md:text-m lg:text-l font-serif group-[.font-sans]:font-sans \">\n    Nach eigenen Angaben der Aktivistengruppe wurden einzelne Brunnen in insgesamt 16 deutschen St\u00e4dten eingef\u00e4rbt. In Bayern wurde auf diese Art in <a href=\"https:\/\/www.augsburger-allgemeine.de\/orte\/aa-muenchen\" target=\"_self\" class=\"underline \" rel=\"nofollow noopener\">M\u00fcnchen<\/a>, N\u00fcrnberg und Bayreuth protestiert. In M\u00fcnchen leuchtete demnach ab dem Morgen das Wasser des Wittelsbacher Brunnens gr\u00fcn.\n  <\/p>\n<p>            In diesen St\u00e4dten waren am 21.5. Brunnen gr\u00fcn gef\u00e4rbt<\/p>\n<p class=\"mb-6 text-xs md:text-m lg:text-l font-serif group-[.font-sans]:font-sans \">\n    In folgenden deutschen und bayerischen St\u00e4dten f\u00e4rbte Extinction Rebellion am Donnerstag Brunnen gr\u00fcn ein:\n  <\/p>\n<ul rel=\"\" class=\"[&amp;&gt;li]:relative list-none  [&amp;&gt;li]:pl-[1.2em] [&amp;&gt;li]:marker:text-[0] [&amp;&gt;li]:relative [&amp;&gt;li]:before:absolute [&amp;&gt;li]:before:w-3 [&amp;&gt;li]:before:h-3 [&amp;&gt;li]:before:bg-brand [&amp;&gt;li]:before:left-0 [&amp;&gt;li]:before:top-[8px] [&amp;&gt;li]:before:rounded-full  my-5\">\n<li class=\" mb-3 text-xs md:text-m lg:text-l\">Aachen<\/li>\n<li class=\" mb-3 text-xs md:text-m lg:text-l\">Bayreuth<\/li>\n<li class=\" mb-3 text-xs md:text-m lg:text-l\">Berlin<\/li>\n<li class=\" mb-3 text-xs md:text-m lg:text-l\">Chemnitz<\/li>\n<li class=\" mb-3 text-xs md:text-m lg:text-l\">Dortmund<\/li>\n<li class=\" mb-3 text-xs md:text-m lg:text-l\">Dresden<\/li>\n<li class=\" mb-3 text-xs md:text-m lg:text-l\">D\u00fcsseldorf<\/li>\n<li class=\" mb-3 text-xs md:text-m lg:text-l\">Essen<\/li>\n<li class=\" mb-3 text-xs md:text-m lg:text-l\">Freiburg<\/li>\n<li class=\" mb-3 text-xs md:text-m lg:text-l\">Hannover<\/li>\n<li class=\" mb-3 text-xs md:text-m lg:text-l\">Hamburg<\/li>\n<li class=\" mb-3 text-xs md:text-m lg:text-l\">Karlsruhe<\/li>\n<li class=\" mb-3 text-xs md:text-m lg:text-l\">K\u00f6ln<\/li>\n<li class=\" mb-3 text-xs md:text-m lg:text-l\">N\u00fcrnberg<\/li>\n<li class=\" mb-3 text-xs md:text-m lg:text-l\">M\u00fcnchen<\/li>\n<li class=\" mb-3 text-xs md:text-m lg:text-l\">Potsdam<\/li>\n<\/ul>\n","protected":false},"excerpt":{"rendered":"Wer am Donnerstag, 21. Mai, auf einen gr\u00fcn eingef\u00e4rbten Brunnen gesto\u00dfen ist, d\u00fcrfte zun\u00e4chst etwas verwundert gewesen sein.&hellip;\n","protected":false},"author":2,"featured_media":1036438,"comment_status":"","ping_status":"","sticky":false,"template":"","format":"standard","meta":{"footnotes":"","_share_on_mastodon":"0"},"categories":[1837],"tags":[772,5899,31,3364,29,5756,30,152,30427,1268,3783,14963],"class_list":["post-1036437","post","type-post","status-publish","format-standard","has-post-thumbnail","category-nuernberg","tag-bayern","tag-bayreuth","tag-cdu","tag-de","tag-deutschland","tag-extinction-rebellion","tag-germany","tag-instagram","tag-katherina-reiche","tag-muenchen","tag-nuernberg","tag-protestaktion"],"share_on_mastodon":{"url":"https:\/\/pubeurope.com\/@de\/116613947734679802","error":""},"_links":{"self":[{"href":"https:\/\/www.europesays.com\/de\/wp-json\/wp\/v2\/posts\/1036437","targetHints":{"allow":["GET"]}}],"collection":[{"href":"https:\/\/www.europesays.com\/de\/wp-json\/wp\/v2\/posts"}],"about":[{"href":"https:\/\/www.europesays.com\/de\/wp-json\/wp\/v2\/types\/post"}],"author":[{"embeddable":true,"href":"https:\/\/www.europesays.com\/de\/wp-json\/wp\/v2\/users\/2"}],"replies":[{"embeddable":true,"href":"https:\/\/www.europesays.com\/de\/wp-json\/wp\/v2\/comments?post=1036437"}],"version-history":[{"count":0,"href":"https:\/\/www.europesays.com\/de\/wp-json\/wp\/v2\/posts\/1036437\/revisions"}],"wp:featuredmedia":[{"embeddable":true,"href":"https:\/\/www.europesays.com\/de\/wp-json\/wp\/v2\/media\/1036438"}],"wp:attachment":[{"href":"https:\/\/www.europesays.com\/de\/wp-json\/wp\/v2\/media?parent=1036437"}],"wp:term":[{"taxonomy":"category","embeddable":true,"href":"https:\/\/www.europesays.com\/de\/wp-json\/wp\/v2\/categories?post=1036437"},{"taxonomy":"post_tag","embeddable":true,"href":"https:\/\/www.europesays.com\/de\/wp-json\/wp\/v2\/tags?post=1036437"}],"curies":[{"name":"wp","href":"https:\/\/api.w.org\/{rel}","templated":true}]}}