{"id":1036518,"date":"2026-05-21T19:05:30","date_gmt":"2026-05-21T19:05:30","guid":{"rendered":"https:\/\/www.europesays.com\/de\/1036518\/"},"modified":"2026-05-21T19:05:30","modified_gmt":"2026-05-21T19:05:30","slug":"chio-in-aachen-so-machte-adolf-hitler-den-wettbewerb-zur-propagandabuehne","status":"publish","type":"post","link":"https:\/\/www.europesays.com\/de\/1036518\/","title":{"rendered":"CHIO in Aachen: So machte Adolf Hitler den Wettbewerb zur Propagandab\u00fchne"},"content":{"rendered":"<p>Pferdesport in der NS-Zeit <\/p>\n<p>Was hat der CHIO in Aachen mit Adolf Hitler zu tun?<\/p>\n<ul class=\"grid grid-flow-col gap-4\" aria-label=\"Autorenbilder\">\n<li class=\"leading-0\"><img data-tb-author-image=\"\"  loading=\"lazy\" src=\"https:\/\/www.europesays.com\/de\/wp-content\/uploads\/2025\/12\/1765607618_742_image.jpg\" alt=\"\" title=\"\" width=\"40\" height=\"40\" class=\"\" decoding=\"async\"\/><\/li>\n<\/ul>\n<p>21.05.2026 &#8211; 16:18 UhrLesedauer: 3 Min.<\/p>\n<p><a href=\"#focus-0\" class=\"transition-colors duration-200 block text-current relative\" data-sctrack=\"FocusGalleryImage.Reference\"><img fetchpriority=\"high\" data-testid=\"Opener.Image\"   loading=\"eager\" src=\"https:\/\/www.europesays.com\/de\/wp-content\/uploads\/2026\/05\/adolf-hitler-der-diktator-entfesselte-den-zweiten-weltkrieg.jpg\" alt=\"Adolf Hitler: Der Diktator entfesselte den Zweiten Weltkrieg.\" title=\"Adolf Hitler: Der Diktator entfesselte den Zweiten Weltkrieg.\" width=\"4000\" height=\"2250\" class=\"bg-[url:var(--lqipURL)] bg-cover bg-center flex h-full w-full max-w-full\" style=\"--lqipURL:url('https:\/\/images.t-online.de\/2025\/04\/3Zo-6qpUWN31\/0x0:4000x2250\/fit-in\/150x0\/filters:blur(25)\/adolf-hitler-der-diktator-entfesselte-den-zweiten-weltkrieg.jpg')\" decoding=\"async\"\/><img loading=\"lazy\" src=\"https:\/\/aachen.t-online.de\/s\/paper\/_next\/static\/media\/zoom-in.f7dae02f.svg\" alt=\"Vergr\u00f6\u00dfern des Bildes\" title=\"Vergr\u00f6\u00dfern des Bildes\" class=\"block h-[calc(var(--height)_\/_16_*_1rem)] w-[calc(var(--width)_\/_16_*_1rem)] max-w-none absolute bottom-8 right-8 rounded-4 bg-snow p-8\" style=\"--width:32;--height:32\" decoding=\"async\"\/><\/a><\/p>\n<p>Adolf Hitler (Archivbild): Der deutsche Diktator war ein Bef\u00fcrworter des Pferdesports. (Quelle: ullstein bild\/ullstein-bild)<\/p>\n<p><img loading=\"lazy\" src=\"https:\/\/aachen.t-online.de\/s\/paper\/_next\/static\/media\/audio-volume.6689034c.svg\" alt=\"\" title=\"\" class=\"block h-[calc(var(--height)_\/_16_*_1rem)] w-[calc(var(--width)_\/_16_*_1rem)] max-w-none group-hover:brightness-0 group-hover:invert\" style=\"--width:16;--height:16\" decoding=\"async\"\/>Vorlesen<\/p>\n<p>Aktuelle Zeit:0:00Gesamtdauer:0:00<\/p>\n<p>1x<\/p>\n<p class=\"text-center\">Jetzt neu bei t-online:<\/p>\n<p class=\"text-center\">Schriftgr\u00f6\u00dfe anpassen!<\/p>\n<p><img loading=\"lazy\" src=\"https:\/\/aachen.t-online.de\/s\/paper\/_next\/static\/media\/font-sizes.32942e33.svg\" alt=\"\" title=\"\" class=\"block h-[calc(var(--height)_\/_16_*_1rem)] w-[calc(var(--width)_\/_16_*_1rem)] max-w-none group-hover:hidden group-aria-expanded:hidden\" style=\"--width:16;--height:16\" decoding=\"async\"\/><img loading=\"lazy\" src=\"https:\/\/aachen.t-online.de\/s\/paper\/_next\/static\/media\/font-sizes-dark-mode.e382645c.svg\" alt=\"\" title=\"\" class=\"block h-[calc(var(--height)_\/_16_*_1rem)] w-[calc(var(--width)_\/_16_*_1rem)] max-w-none hidden group-hover:block group-aria-expanded:block\" style=\"--width:16;--height:16\" decoding=\"async\"\/><img loading=\"lazy\" src=\"https:\/\/aachen.t-online.de\/s\/paper\/_next\/static\/media\/sharing-menu-icon.1eb71368.svg\" alt=\"\" title=\"\" class=\"block h-[calc(var(--height)_\/_16_*_1rem)] w-[calc(var(--width)_\/_16_*_1rem)] max-w-none group-hover:brightness-0 group-hover:invert\" style=\"--width:16;--height:16\" decoding=\"async\"\/>Artikel teilen<\/p>\n<p class=\"font-bold text-18 leading-17 user-text-lg:text-22 user-text-xl:text-24\">Der CHIO beginnt als b\u00fcrgerliches Reitturnier in der Soers. Dann wirft Adolf Hitler ein Auge auf den Wettbewerb und macht ihn zur Propaganda-B\u00fchne.<\/p>\n<p class=\"text-18 leading-17 user-text-lg:text-22 user-text-xl:text-24\">Als der Aachen-Laurensberger Rennverein 1924 zum ersten Mal ein Reit- und Fahrturnier in der Soers veranstaltete, stand vor allem der Sport im Mittelpunkt. Aus kleineren Pferderennen entwickelte sich in nur wenigen Jahren ein internationales Turnier mit wachsender Bedeutung f\u00fcr Aachen. Hotels, Gastronomie und Handel profitierten von Tausenden Besuchern. Schon Ende der 1920er-Jahre kamen Mannschaften aus mehreren L\u00e4ndern in die Stadt.<\/p>\n<p class=\"text-18 leading-17 user-text-lg:text-22 user-text-xl:text-24\">1929 wurde dann erstmals ein Nationenpreis ausgetragen. Vier Jahre sp\u00e4ter erhielt das Turnier den Titel <a class=\"transition-colors duration-200 cursor-pointer text-inherit no-underline text-salemsfur md:hover:text-magenta md:hover:border-magenta md:focus:text-magenta border-current border-b border-solid break-words\" data-tracking=\"{&quot;action&quot;:&quot;click&quot;,&quot;category&quot;:&quot;intextLink&quot;,&quot;label&quot;:&quot;\/region\/aachen\/id_101258564\/chio-2026-in-aachen-programm-tickets-anreise-alle-infos.html&quot;}\" href=\"https:\/\/aachen.t-online.de\/region\/aachen\/id_101258564\/chio-2026-in-aachen-programm-tickets-anreise-alle-infos.html\" data-sctrack=\"BodyAnchor\" rel=\"nofollow noopener\" target=\"_blank\">Concours Hippique International Officiel. Die Abk\u00fcrzung: CHIO.<\/a> In Aachen war damit offiziell Deutschlands internationales Reitturnier gestartet, umgangssprachlich &#8222;Tschio&#8220; genannt, wie Aachener und Pferdesportler aus der ganzen Welt ihn auch heute noch kennen und sch\u00e4tzen.<\/p>\n<p>Adolf Hitler war von Pferden fasziniert<\/p>\n<p class=\"text-18 leading-17 user-text-lg:text-22 user-text-xl:text-24\">Was damals in Aachen passierte, blieb Adolf Hitler nicht verborgen. Denn der deutsche Diktator und die Nationalsozialisten begeisterten sich f\u00fcr Pferde und den Pferdesport. Hitlers besondere Faszination f\u00fcr die Tiere zeigte sich etwa darin, dass er den K\u00fcnstler Josef Thorak Pferdeskulpturen aus Bronze anfertigen lie\u00df, Skulpturen mit m\u00e4chtigen H\u00e4lsen und \u00fcbertriebener Muskulatur. Diese sollten vor der Reichskanzlei aufgestellt werden und so die geplante &#8222;Welthauptstadt Germania&#8220; schm\u00fccken.<\/p>\n<p><a href=\"#focus-1\" class=\"transition-colors duration-200 block text-current relative\" data-sctrack=\"FocusGalleryImage.Reference\"><img   loading=\"lazy\" src=\"https:\/\/www.europesays.com\/de\/wp-content\/uploads\/2026\/05\/berlin-spandau-zitadelle-spandau-ausstellung-enthuellt-berlin-und-seine-denkmaeler-joseph-thorak-sch.jpeg\" alt=\"imago images 0764300950\" title=\"imago images 0764300950\" width=\"4000\" height=\"2250\" class=\"h-full w-full max-w-full rounded-8\" decoding=\"async\"\/><img loading=\"lazy\" src=\"https:\/\/aachen.t-online.de\/s\/paper\/_next\/static\/media\/zoom-in.f7dae02f.svg\" alt=\"Vergr\u00f6\u00dfern des Bildes\" title=\"Vergr\u00f6\u00dfern des Bildes\" class=\"block h-[calc(var(--height)_\/_16_*_1rem)] w-[calc(var(--width)_\/_16_*_1rem)] max-w-none absolute bottom-8 right-8 rounded-4 bg-snow p-8\" style=\"--width:32;--height:32\" decoding=\"async\"\/>Ausstellung in Berlin-Spandau (Archivbild): In der Zitadelle Spandau steht noch eine der Pferdeskulpturen von Josef Thorak. (Quelle: IMAGO\/J\u00fcrgen Ritter\/imago)<\/a><\/p>\n<p class=\"text-18 leading-17 user-text-lg:text-22 user-text-xl:text-24\">An Pferden faszinierte Hitler haupts\u00e4chlich deren Symbolkraft: Sie standen f\u00fcr Kraft, M\u00e4nnlichkeit, Bewegung und milit\u00e4rische Strenge, also genau die Bildsprache, mit der das NS-Regime sich gern inszenierte. Die Tiere und der Pferdesport passten gut zur NS-Propaganda. Sie wurden als Symbole f\u00fcr Disziplin, K\u00f6rperkult, Eliteanspruch und milit\u00e4rische Leistungsbereitschaft missbraucht. Deshalb sahen Hitler und die Nationalsozialisten den <a class=\"transition-colors duration-200 cursor-pointer text-inherit no-underline text-salemsfur md:hover:text-magenta md:hover:border-magenta md:focus:text-magenta border-current border-b border-solid break-words\" data-tracking=\"{&quot;action&quot;:&quot;click&quot;,&quot;category&quot;:&quot;intextLink&quot;,&quot;label&quot;:&quot;https:\/\/www.t-online.de\/themen\/chio-aachen\/&quot;}\" href=\"https:\/\/www.t-online.de\/themen\/chio-aachen\/\" data-sctrack=\"BodyAnchor\" rel=\"nofollow noopener\" target=\"_blank\">CHIO<\/a> in dieser Zeit nicht nur als Sportereignis, sondern als politisch nutzbares Prestigeprojekt.<\/p>\n<p>Nach der Macht\u00fcbernahme: CHIO ver\u00e4ndert sich<\/p>\n<p class=\"text-18 leading-17 user-text-lg:text-22 user-text-xl:text-24\">Nach der Machtergreifung 1933 wurde das Aachener Fest des Pferdesports von der NS-Regierung umgekrempelt. Dabei lag der Fokus immer weniger auf den teilnehmenden Sportlern, die aus dem Ausland angereist waren, und immer mehr auf den deutschen Teilnehmern. Bei den Nationenpreisen sa\u00dfen von da an vorwiegend Reiter der deutschen Wehrmacht im Sattel. Ab 1937 traten auch viele SS-Reiter an. Adolf Hitler selbst besuchte das Fest zwar nie pers\u00f6nlich, lie\u00df aber Pokale stiften. Der Nationenpreis etwa wurde fortan um den &#8222;Pokal des F\u00fchrers und Reichskanzlers&#8220; ausgetragen.<\/p>\n<p class=\"text-18 leading-17 user-text-lg:text-22 user-text-xl:text-24\">Gleichzeitig wuchs der politische Druck auf das Turnier. Ende der 1930er-Jahre stand sogar zeitweise im Raum, den Nationenpreis von Aachen nach Berlin zu verlegen. Die Reichshauptstadt sollte st\u00e4rker zum Zentrum gro\u00dfer NS-Sportveranstaltungen werden. Nicht nur der Reitsport, sondern alle gro\u00dfen internationalen Sportereignisse sollten damals in der Hauptstadt geb\u00fcndelt und symbolisch auf das Regime ausgerichtet werden. F\u00fcr Aachen h\u00e4tte das nicht nur einen schweren Bedeutungsverlust, sondern auch gro\u00dfen wirtschaftlichen Schaden bedeutet.<\/p>\n","protected":false},"excerpt":{"rendered":"Pferdesport in der NS-Zeit Was hat der CHIO in Aachen mit Adolf Hitler zu tun? 21.05.2026 &#8211; 16:18&hellip;\n","protected":false},"author":2,"featured_media":1036519,"comment_status":"","ping_status":"","sticky":false,"template":"","format":"standard","meta":{"footnotes":"","_share_on_mastodon":"0"},"categories":[1853],"tags":[1424,5791,222289,296,64498,221593,3364,29,548,663,3934,94396,30,13,222288,14,15,1209,20352,70978,55814,12],"class_list":["post-1036518","post","type-post","status-publish","format-standard","has-post-thumbnail","category-aachen","tag-aachen","tag-adolf-hitler","tag-annette-fusenig","tag-berlin","tag-chio-aachen","tag-concours-hippique-international-officiel","tag-de","tag-deutschland","tag-eu","tag-europa","tag-europe","tag-germania-fluggesellschaft","tag-germany","tag-headlines","tag-josef-thorak","tag-nachrichten","tag-news","tag-nordrhein-westfalen","tag-pferdesport","tag-reitturnier","tag-rennverein","tag-schlagzeilen"],"share_on_mastodon":{"url":"https:\/\/pubeurope.com\/@de\/116614132894994952","error":""},"_links":{"self":[{"href":"https:\/\/www.europesays.com\/de\/wp-json\/wp\/v2\/posts\/1036518","targetHints":{"allow":["GET"]}}],"collection":[{"href":"https:\/\/www.europesays.com\/de\/wp-json\/wp\/v2\/posts"}],"about":[{"href":"https:\/\/www.europesays.com\/de\/wp-json\/wp\/v2\/types\/post"}],"author":[{"embeddable":true,"href":"https:\/\/www.europesays.com\/de\/wp-json\/wp\/v2\/users\/2"}],"replies":[{"embeddable":true,"href":"https:\/\/www.europesays.com\/de\/wp-json\/wp\/v2\/comments?post=1036518"}],"version-history":[{"count":0,"href":"https:\/\/www.europesays.com\/de\/wp-json\/wp\/v2\/posts\/1036518\/revisions"}],"wp:featuredmedia":[{"embeddable":true,"href":"https:\/\/www.europesays.com\/de\/wp-json\/wp\/v2\/media\/1036519"}],"wp:attachment":[{"href":"https:\/\/www.europesays.com\/de\/wp-json\/wp\/v2\/media?parent=1036518"}],"wp:term":[{"taxonomy":"category","embeddable":true,"href":"https:\/\/www.europesays.com\/de\/wp-json\/wp\/v2\/categories?post=1036518"},{"taxonomy":"post_tag","embeddable":true,"href":"https:\/\/www.europesays.com\/de\/wp-json\/wp\/v2\/tags?post=1036518"}],"curies":[{"name":"wp","href":"https:\/\/api.w.org\/{rel}","templated":true}]}}