{"id":103691,"date":"2025-05-12T03:07:08","date_gmt":"2025-05-12T03:07:08","guid":{"rendered":"https:\/\/www.europesays.com\/de\/103691\/"},"modified":"2025-05-12T03:07:08","modified_gmt":"2025-05-12T03:07:08","slug":"hamas-will-eine-geisel-mit-us-staatsbuergerschaft-freilassen","status":"publish","type":"post","link":"https:\/\/www.europesays.com\/de\/103691\/","title":{"rendered":"Hamas will eine Geisel mit US-Staatsb\u00fcrgerschaft freilassen"},"content":{"rendered":"<p class=\"metatextline\">Stand: 12.05.2025 00:23 Uhr<\/p>\n<p class=\"textabsatz columns twelve  m-ten  m-offset-one l-eight l-offset-two\">\n        <strong>Die Hamas hat mitgeteilt, einen Israeli mit US-amerikanischer Staatsangeh\u00f6rigkeit aus ihrer Gewalt freizulassen zu wollen. Er k\u00f6nnte freikommen, w\u00e4hrend US-Pr\u00e4sident Donald Trump in den kommenden Tagen die Region besucht.<\/strong>\n    <\/p>\n<p class=\"textabsatz m-ten m-offset-one l-eight l-offset-two columns twelve\">\nDie Terrororganisation Hamas will eigenen Angaben nach einen israelisch-amerikanischen Doppelstaatler aus ihrer Gewalt freilassen. Sie habe in den vergangenen Tagen mit den USA in Kontakt gestanden. Die Freilassung des entf\u00fchrten Soldaten Edan Alexander sei Teil der Bem\u00fchungen, ein Gaza-Abkommen zu erreichen, teilten die Islamisten mit.\u00a0<\/p>\n<p class=\"textabsatz m-ten m-offset-one l-eight l-offset-two columns twelve\">\nDer US-Sondergesandte f\u00fcr den Nahen Osten, Steve Wittkoff, best\u00e4tigte der Nachrichtenagentur AP, dass die Hamas sich zu einer Freilassung von Alexander bereit erkl\u00e4rt habe. US-Pr\u00e4sident Donald Trump begr\u00fc\u00dfte die Ank\u00fcndigung. Er sei &#8222;all jenen dankbar, die zu dieser monumentalen Nachricht beigetragen&#8220; h\u00e4tten, erkl\u00e4rte er. &#8222;Hoffentlich ist dies der erste der letzten Schritte, die notwendig sind, um diesen brutalen Konflikt zu beenden&#8220;, f\u00fcgte er an.<\/p>\n<p class=\"textabsatz m-ten m-offset-one l-eight l-offset-two columns twelve\">\nDie Familie des 21-J\u00e4hrigen teilte mit, sie stehe im engen Kontakt mit der US-Regierung und sei \u00fcber die Entwicklungen informiert worden.<\/p>\n<p>    Freilassung als Geste gegen\u00fcber den USA<\/p>\n<p class=\"textabsatz m-ten m-offset-one l-eight l-offset-two columns twelve\">\nUS-Pr\u00e4sident Donald Trump wird in den kommenden Tagen in der Region erwartet. Das B\u00fcro des israelischen Ministerpr\u00e4sidenten Benjamin Netanjahu teilte mit, die USA h\u00e4tten Israels F\u00fchrung die Absicht der Hamas mitgeteilt, den Mann ohne jegliche Bedingungen freizulassen &#8211; als Geste gegen\u00fcber den Amerikanern. Dieser Schritt werde nach Ansicht der USA voraussichtlich zu Verhandlungen \u00fcber ein Abkommen f\u00fchren, das Israel schon in der Vergangenheit akzeptiert habe.<\/p>\n<p class=\"textabsatz m-ten m-offset-one l-eight l-offset-two columns twelve\">\nBereits vor zwei Monaten hatte die Hamas vorgeschlagen, den Soldaten im Rahmen eines Deals freizulassen. Die israelische Regierung bezeichnete das Angebot der Hamas aber als ungen\u00fcgend.\u00a0Die israelische Nachrichtenseite ynet berichtete, Israel sei an den Verhandlungen nicht beteiligt gewesen und m\u00fcsse im Gegenzug auch keine pal\u00e4stinensischen H\u00e4ftlinge freilassen.<\/p>\n<p>    Ehemalige Geiseln berichten von Folter<\/p>\n<p class=\"textabsatz m-ten m-offset-one l-eight l-offset-two columns twelve\">\nAlexander, der als Soldat an der Grenze zum Gazastreifen eingesetzt war, war bei dem beispiellosen Angriff der Hamas auf Israel am 7. Oktober 2023 verschleppt worden. Er sei in der Geiselhaft eine Zeit lang angekettet und gefoltert worden, meldeten israelische Medien unter Berufung auf Berichte zuvor freigelassener Geiseln. Der Mann wurde in Tel Aviv geboren, wuchs aber im US-Bundesstaat New Jersey auf. Nach der Schule kehrte er nach Israel zur\u00fcck und wurde Soldat.<\/p>\n<p class=\"textabsatz m-ten m-offset-one l-eight l-offset-two columns twelve\">\n58 israelische Geiseln befinden sich weiterhin in der Gewalt der Islamisten, 34 von ihnen sind nach Angaben der israelischen Armee tot.<\/p>\n","protected":false},"excerpt":{"rendered":"Stand: 12.05.2025 00:23 Uhr Die Hamas hat mitgeteilt, einen Israeli mit US-amerikanischer Staatsangeh\u00f6rigkeit aus ihrer Gewalt freizulassen zu&hellip;\n","protected":false},"author":2,"featured_media":103692,"comment_status":"","ping_status":"","sticky":false,"template":"","format":"standard","meta":{"footnotes":""},"categories":[5],"tags":[331,332,3364,29,41063,30,410,13,14,15,12],"class_list":{"0":"post-103691","1":"post","2":"type-post","3":"status-publish","4":"format-standard","5":"has-post-thumbnail","7":"category-nachrichten","8":"tag-aktuelle-nachrichten","9":"tag-aktuelle-news","10":"tag-de","11":"tag-deutschland","12":"tag-geisel","13":"tag-germany","14":"tag-hamas","15":"tag-headlines","16":"tag-nachrichten","17":"tag-news","18":"tag-schlagzeilen"},"share_on_mastodon":{"url":"https:\/\/pubeurope.com\/@de\/114492659844801178","error":""},"_links":{"self":[{"href":"https:\/\/www.europesays.com\/de\/wp-json\/wp\/v2\/posts\/103691","targetHints":{"allow":["GET"]}}],"collection":[{"href":"https:\/\/www.europesays.com\/de\/wp-json\/wp\/v2\/posts"}],"about":[{"href":"https:\/\/www.europesays.com\/de\/wp-json\/wp\/v2\/types\/post"}],"author":[{"embeddable":true,"href":"https:\/\/www.europesays.com\/de\/wp-json\/wp\/v2\/users\/2"}],"replies":[{"embeddable":true,"href":"https:\/\/www.europesays.com\/de\/wp-json\/wp\/v2\/comments?post=103691"}],"version-history":[{"count":0,"href":"https:\/\/www.europesays.com\/de\/wp-json\/wp\/v2\/posts\/103691\/revisions"}],"wp:featuredmedia":[{"embeddable":true,"href":"https:\/\/www.europesays.com\/de\/wp-json\/wp\/v2\/media\/103692"}],"wp:attachment":[{"href":"https:\/\/www.europesays.com\/de\/wp-json\/wp\/v2\/media?parent=103691"}],"wp:term":[{"taxonomy":"category","embeddable":true,"href":"https:\/\/www.europesays.com\/de\/wp-json\/wp\/v2\/categories?post=103691"},{"taxonomy":"post_tag","embeddable":true,"href":"https:\/\/www.europesays.com\/de\/wp-json\/wp\/v2\/tags?post=103691"}],"curies":[{"name":"wp","href":"https:\/\/api.w.org\/{rel}","templated":true}]}}