{"id":1037070,"date":"2026-05-22T00:07:19","date_gmt":"2026-05-22T00:07:19","guid":{"rendered":"https:\/\/www.europesays.com\/de\/1037070\/"},"modified":"2026-05-22T00:07:19","modified_gmt":"2026-05-22T00:07:19","slug":"muenchen-afd-politiker-sollte-beauftragter-gegen-rechtsextremismus-werden","status":"publish","type":"post","link":"https:\/\/www.europesays.com\/de\/1037070\/","title":{"rendered":"M\u00fcnchen: AfD-Politiker sollte Beauftragter gegen Rechtsextremismus werden"},"content":{"rendered":"<p>Eklat im Bezirksausschuss <\/p>\n<p>AfD-Politiker sollte Beauftragter gegen Rechtsextremismus werden<\/p>\n<p>22.05.2026 &#8211; 01:02 UhrLesedauer: 1 Min.<\/p>\n<p><a href=\"#focus-0\" class=\"transition-colors duration-200 block text-current relative\" data-sctrack=\"FocusGalleryImage.Reference\"><img fetchpriority=\"high\" data-testid=\"Opener.Image\"   loading=\"eager\" src=\"https:\/\/www.europesays.com\/de\/wp-content\/uploads\/2026\/05\/afd-werbematerial-symbolbild-in-muenchen-sorgt-die-partei-fuer-einen-kommunalpolitischen-eklat.jpg\" alt=\"AfD-Werbematerial (Symbolbild): In M\u00fcnchen sorgt die Partei f\u00fcr einen kommunalpolitischen Eklat.\" title=\"AfD-Werbematerial (Symbolbild): In M\u00fcnchen sorgt die Partei f\u00fcr einen kommunalpolitischen Eklat.\" width=\"4000\" height=\"2250\" class=\"bg-[url:var(--lqipURL)] bg-cover bg-center flex h-full w-full max-w-full\" style=\"--lqipURL:url('https:\/\/images.t-online.de\/2026\/05\/OrHLhxuXzz51\/0x297:4000x2250\/fit-in\/150x0\/filters:blur(25)\/afd-werbematerial-symbolbild-in-muenchen-sorgt-die-partei-fuer-einen-kommunalpolitischen-eklat.jpg')\" decoding=\"async\"\/><img loading=\"lazy\" src=\"https:\/\/muenchen.t-online.de\/s\/paper\/_next\/static\/media\/zoom-in.f7dae02f.svg\" alt=\"Vergr\u00f6\u00dfern des Bildes\" title=\"Vergr\u00f6\u00dfern des Bildes\" class=\"block h-[calc(var(--height)_\/_16_*_1rem)] w-[calc(var(--width)_\/_16_*_1rem)] max-w-none absolute bottom-8 right-8 rounded-4 bg-snow p-8\" style=\"--width:32;--height:32\" decoding=\"async\"\/><\/a><\/p>\n<p>AfD-Werbematerial (Symbolbild): In M\u00fcnchen sorgt die Partei f\u00fcr einen kommunalpolitischen Eklat. (Quelle: IMAGO\/Hanno Bode)<\/p>\n<p><img loading=\"lazy\" src=\"https:\/\/muenchen.t-online.de\/s\/paper\/_next\/static\/media\/audio-volume.6689034c.svg\" alt=\"\" title=\"\" class=\"block h-[calc(var(--height)_\/_16_*_1rem)] w-[calc(var(--width)_\/_16_*_1rem)] max-w-none group-hover:brightness-0 group-hover:invert\" style=\"--width:16;--height:16\" decoding=\"async\"\/>Vorlesen<\/p>\n<p>Aktuelle Zeit:0:00Gesamtdauer:0:00<\/p>\n<p>1x<\/p>\n<p class=\"text-center\">Jetzt neu bei t-online:<\/p>\n<p class=\"text-center\">Schriftgr\u00f6\u00dfe anpassen!<\/p>\n<p><img loading=\"lazy\" src=\"https:\/\/muenchen.t-online.de\/s\/paper\/_next\/static\/media\/font-sizes.32942e33.svg\" alt=\"\" title=\"\" class=\"block h-[calc(var(--height)_\/_16_*_1rem)] w-[calc(var(--width)_\/_16_*_1rem)] max-w-none group-hover:hidden group-aria-expanded:hidden\" style=\"--width:16;--height:16\" decoding=\"async\"\/><img loading=\"lazy\" src=\"https:\/\/muenchen.t-online.de\/s\/paper\/_next\/static\/media\/font-sizes-dark-mode.e382645c.svg\" alt=\"\" title=\"\" class=\"block h-[calc(var(--height)_\/_16_*_1rem)] w-[calc(var(--width)_\/_16_*_1rem)] max-w-none hidden group-hover:block group-aria-expanded:block\" style=\"--width:16;--height:16\" decoding=\"async\"\/><img loading=\"lazy\" src=\"https:\/\/muenchen.t-online.de\/s\/paper\/_next\/static\/media\/sharing-menu-icon.1eb71368.svg\" alt=\"\" title=\"\" class=\"block h-[calc(var(--height)_\/_16_*_1rem)] w-[calc(var(--width)_\/_16_*_1rem)] max-w-none group-hover:brightness-0 group-hover:invert\" style=\"--width:16;--height:16\" decoding=\"async\"\/>Artikel teilen<\/p>\n<p class=\"font-bold text-18 leading-17 user-text-lg:text-22 user-text-xl:text-24\">CSU und FDP sollen in M\u00fcnchen f\u00fcr einen AfDler als Rechtsextremismus-Beauftragten gestimmt haben. Im Stadtrat ist die Emp\u00f6rung gro\u00df \u2013 und eine Erkl\u00e4rung d\u00fcnn.<\/p>\n<p class=\"text-18 leading-17 user-text-lg:text-22 user-text-xl:text-24\">Bei der konstituierenden Sitzung des Bezirksausschusses Schwabing-West in M\u00fcnchen sollen CSU- und FDP-Vertreter daf\u00fcr gestimmt haben, dass der AfD-Politiker Sebastian Franz Beauftragter f\u00fcr Rechtsextremismus wird. Das berichtet die &#8222;Abendzeitung&#8220; unter Berufung auf Aussagen verschiedener Ausschussmitglieder. Eine Mehrheit habe den Antrag abgelehnt, der Vorfall l\u00f6ste dennoch Emp\u00f6rung aus.<\/p>\n<p class=\"text-18 leading-17 user-text-lg:text-22 user-text-xl:text-24\">Der CSU-Fraktionschef im Gremium, Richard Waldburg, r\u00e4umte gegen\u00fcber der Zeitung ein, das Vorgehen sei &#8222;politisch ungeschickt&#8220; gewesen. Die Abstimmung habe um 22.30 Uhr stattgefunden.<\/p>\n<p>CSU bezeichnet Vorgehen als &#8222;politisch ungeschickt&#8220;<\/p>\n<p class=\"text-18 leading-17 user-text-lg:text-22 user-text-xl:text-24\">&#8222;Wir dachten, vielleicht schadet es nicht, wenn er sich auch mit solchen Themen auseinandersetzt. Aber das war vielleicht etwas zu pragmatisch gedacht&#8220;, wird er zitiert.<\/p>\n<p class=\"text-18 leading-17 user-text-lg:text-22 user-text-xl:text-24\">Die stellvertretende CSU-Stadtratsfraktionsvorsitzende Evelyne Menges distanzierte sich: &#8222;Ich missbillige dieses Abstimmungsverhalten ausdr\u00fccklich. Es darf keine Zusammenarbeit mit der AfD und schon gar keine Unterst\u00fctzung von AfD-Kandidaturen geben.&#8220; Der stellvertretende M\u00fcnchner FDP-Chef Moritz Fingerle sprach von einem Fehler, &#8222;den der betroffene Mandatstr\u00e4ger bedauert&#8220;.<\/p>\n","protected":false},"excerpt":{"rendered":"Eklat im Bezirksausschuss AfD-Politiker sollte Beauftragter gegen Rechtsextremismus werden 22.05.2026 &#8211; 01:02 UhrLesedauer: 1 Min. AfD-Werbematerial (Symbolbild): In&hellip;\n","protected":false},"author":2,"featured_media":1037071,"comment_status":"","ping_status":"","sticky":false,"template":"","format":"standard","meta":{"footnotes":"","_share_on_mastodon":"0"},"categories":[1827],"tags":[722,3176,186,772,3196,774,29,10207,187,30,1268,770,222399,6050,222398],"class_list":["post-1037070","post","type-post","status-publish","format-standard","has-post-thumbnail","category-muenchen","tag-722","tag-3176","tag-afd","tag-bayern","tag-bezirksausschuss","tag-csu","tag-deutschland","tag-eklat","tag-fdp","tag-germany","tag-muenchen","tag-rechtsextremismus","tag-richard-waldburg","tag-schwabing","tag-sebastian-franz"],"share_on_mastodon":{"url":"https:\/\/pubeurope.com\/@de\/116615318957733220","error":""},"_links":{"self":[{"href":"https:\/\/www.europesays.com\/de\/wp-json\/wp\/v2\/posts\/1037070","targetHints":{"allow":["GET"]}}],"collection":[{"href":"https:\/\/www.europesays.com\/de\/wp-json\/wp\/v2\/posts"}],"about":[{"href":"https:\/\/www.europesays.com\/de\/wp-json\/wp\/v2\/types\/post"}],"author":[{"embeddable":true,"href":"https:\/\/www.europesays.com\/de\/wp-json\/wp\/v2\/users\/2"}],"replies":[{"embeddable":true,"href":"https:\/\/www.europesays.com\/de\/wp-json\/wp\/v2\/comments?post=1037070"}],"version-history":[{"count":0,"href":"https:\/\/www.europesays.com\/de\/wp-json\/wp\/v2\/posts\/1037070\/revisions"}],"wp:featuredmedia":[{"embeddable":true,"href":"https:\/\/www.europesays.com\/de\/wp-json\/wp\/v2\/media\/1037071"}],"wp:attachment":[{"href":"https:\/\/www.europesays.com\/de\/wp-json\/wp\/v2\/media?parent=1037070"}],"wp:term":[{"taxonomy":"category","embeddable":true,"href":"https:\/\/www.europesays.com\/de\/wp-json\/wp\/v2\/categories?post=1037070"},{"taxonomy":"post_tag","embeddable":true,"href":"https:\/\/www.europesays.com\/de\/wp-json\/wp\/v2\/tags?post=1037070"}],"curies":[{"name":"wp","href":"https:\/\/api.w.org\/{rel}","templated":true}]}}