{"id":1037077,"date":"2026-05-22T00:11:24","date_gmt":"2026-05-22T00:11:24","guid":{"rendered":"https:\/\/www.europesays.com\/de\/1037077\/"},"modified":"2026-05-22T00:11:24","modified_gmt":"2026-05-22T00:11:24","slug":"hakenkreuz-schmierereien-in-berlin-klarer-fall-von-antisemitismus","status":"publish","type":"post","link":"https:\/\/www.europesays.com\/de\/1037077\/","title":{"rendered":"Hakenkreuz-Schmierereien in Berlin \u2013 Klarer Fall von Antisemitismus"},"content":{"rendered":"<p>\t\t\t\t\t\t<img decoding=\"async\" id=\"img321793\" src=\"https:\/\/www.europesays.com\/de\/wp-content\/uploads\/2026\/05\/321793.jpeg\" alt=\"In der Ueckerm\u00fcnder Stra\u00dfe\"\/><\/p>\n<p>In der Ueckerm\u00fcnder Stra\u00dfe<\/p>\n<p>Foto: nd\/Andreas Fritsche<\/p>\n<p>Es gibt F\u00e4lle von durchaus berechtigter <a href=\"https:\/\/www.nd-aktuell.de\/artikel\/1199573.kriminalisierung-von-palaestina-solidaritaet-palaestina-solidaritaet-vor-gericht-polizei-ignoriert-freisprueche.html?\" rel=\"nofollow noopener\" target=\"_blank\">Kritik an der Politik Israels<\/a>, die flei\u00dfig als Antisemitismus einsortiert werden, obwohl davon eigentlich keine Rede sein kann. Nicht diskutiert werden muss \u00fcber Hakenkreuze und die Parole \u00bbKill all Jews\u00ab (T\u00f6te alle Juden!), die in zwei N\u00e4chten im April an Hausw\u00e4nde in der Ueckerm\u00fcnder Stra\u00dfe in Berlin-Prenzlauer Berg geschmiert wurden. Das ist ein klarer Fall von <a href=\"https:\/\/www.nd-aktuell.de\/artikel\/1199607.antisemitismus-in-brandenburg-israelfeindliche-scheisshausparole.html?\" rel=\"nofollow noopener\" target=\"_blank\">Antisemitismus<\/a>. Die Polizei bittet auf Zetteln, die im Viertel aush\u00e4ngen, um sachdienliche Hinweise. Aber wer geschlafen und nichts gesehen hat, kann nichts melden, was zur Ergreifung der T\u00e4ter f\u00fchren k\u00f6nnte.<\/p>\n<p>Die f\u00fcr mich beste Reaktion sind die antifaschistischen Losungen und Symbole, mit denen die antisemitischen Hetzereien und Drohungen teils \u00fcberspr\u00fcht oder zumindest beantwortet wurden, darunter ein Friedenszeichen, der Schriftzug \u00bbGegen Hass\u00ab oder auch einfach nur ein Herz.<\/p>\n<p>Gleich um die Ecke prangt nun derweil in der Czarnikauer Stra\u00dfe ein \u00bb<a href=\"https:\/\/www.nd-aktuell.de\/artikel\/1197584.nahost-konflikt-deutsche-dienen-in-israels-militaer.html?\" rel=\"nofollow noopener\" target=\"_blank\">IDF<\/a> = evil\u00ab. Gemeint sind die israelischen Streitkr\u00e4fte, die teuflisch seien. Dar\u00fcber l\u00e4sst sich dann schon wieder trefflich streiten. F\u00fcr mich pers\u00f6nlich sind s\u00e4mtliche Armeen teuflisch, aber nicht jeder einzelne Soldat, der zum Wehrdienst und im Ernstfall zum T\u00f6ten gezwungen wird. Denn es sollte niemand eines gewaltsamen Todes sterben m\u00fcssen. Kein Zivilist, kein Soldat, niemand und nirgends.<\/p>\n","protected":false},"excerpt":{"rendered":"In der Ueckerm\u00fcnder Stra\u00dfe Foto: nd\/Andreas Fritsche Es gibt F\u00e4lle von durchaus berechtigter Kritik an der Politik Israels,&hellip;\n","protected":false},"author":2,"featured_media":1037078,"comment_status":"","ping_status":"","sticky":false,"template":"","format":"standard","meta":{"footnotes":"","_share_on_mastodon":"0"},"categories":[1825],"tags":[1941,1939,32845,712,296,1937,29,30,411,1597,24458,1940,6000,1938,2417],"class_list":["post-1037077","post","type-post","status-publish","format-standard","has-post-thumbnail","category-berlin","tag-aktuelle-nachrichten-aus-berlin","tag-aktuelle-news-aus-berlin","tag-antifa","tag-antisemitismus","tag-berlin","tag-berlin-news","tag-deutschland","tag-germany","tag-israel","tag-juden","tag-linke-bewegung","tag-nachrichten-aus-berlin","tag-nahost","tag-news-aus-berlin","tag-rechtsradikalismus"],"share_on_mastodon":{"url":"https:\/\/pubeurope.com\/@de\/116615334298163486","error":""},"_links":{"self":[{"href":"https:\/\/www.europesays.com\/de\/wp-json\/wp\/v2\/posts\/1037077","targetHints":{"allow":["GET"]}}],"collection":[{"href":"https:\/\/www.europesays.com\/de\/wp-json\/wp\/v2\/posts"}],"about":[{"href":"https:\/\/www.europesays.com\/de\/wp-json\/wp\/v2\/types\/post"}],"author":[{"embeddable":true,"href":"https:\/\/www.europesays.com\/de\/wp-json\/wp\/v2\/users\/2"}],"replies":[{"embeddable":true,"href":"https:\/\/www.europesays.com\/de\/wp-json\/wp\/v2\/comments?post=1037077"}],"version-history":[{"count":0,"href":"https:\/\/www.europesays.com\/de\/wp-json\/wp\/v2\/posts\/1037077\/revisions"}],"wp:featuredmedia":[{"embeddable":true,"href":"https:\/\/www.europesays.com\/de\/wp-json\/wp\/v2\/media\/1037078"}],"wp:attachment":[{"href":"https:\/\/www.europesays.com\/de\/wp-json\/wp\/v2\/media?parent=1037077"}],"wp:term":[{"taxonomy":"category","embeddable":true,"href":"https:\/\/www.europesays.com\/de\/wp-json\/wp\/v2\/categories?post=1037077"},{"taxonomy":"post_tag","embeddable":true,"href":"https:\/\/www.europesays.com\/de\/wp-json\/wp\/v2\/tags?post=1037077"}],"curies":[{"name":"wp","href":"https:\/\/api.w.org\/{rel}","templated":true}]}}